{"id":26135,"date":"2026-07-06T07:26:38","date_gmt":"2026-07-06T07:26:38","guid":{"rendered":"https:\/\/baitwood.com\/?post_type=latest-news&#038;p=26135"},"modified":"2026-07-06T07:26:44","modified_gmt":"2026-07-06T07:26:44","slug":"mi-az-a-kereskedelmi-retegelt-lemez-es-hasznalhato-kulteri-projektekhez","status":"publish","type":"latest-news","link":"https:\/\/baitwood.com\/hu\/blogs\/mi-az-a-kereskedelmi-retegelt-lemez-es-hasznalhato-kulteri-projektekhez\/","title":{"rendered":"Mi az a kereskedelmi r\u00e9tegelt lemez, \u00e9s haszn\u00e1lhat\u00f3 k\u00fclt\u00e9ri projektekhez?"},"content":{"rendered":"<div style=\"font-family: Arial, sans-serif; line-height: 1.7; color: #333; margin: 0 auto;\">\n<div style=\"margin-bottom: 22px; font-size: 16px;\"> <a href=\"https:\/\/baitwood.com\/product\/birch-plywood\/\">Az ipari r\u00e9tegelt lemez<\/a> az egyik legsz\u00e9lesebb k\u00f6rben haszn\u00e1lt r\u00e9tegelt falemez az \u00e9p\u00edt\u0151iparban \u00e9s a b\u00fatoriparban. Kiv\u00e1l\u00f3 egyens\u00falyt k\u00edn\u00e1l a megfizethet\u0151s\u00e9g, a szil\u00e1rds\u00e1g \u00e9s a sokoldal\u00fas\u00e1g k\u00f6z\u00f6tt, \u00edgy n\u00e9pszer\u0171 v\u00e1laszt\u00e1s szekr\u00e9nyekhez, bels\u0151 b\u00fatorokhoz, v\u00e1laszfalakhoz, csomagol\u00e1shoz \u00e9s dekor\u00e1ci\u00f3s projektekhez.<\/div>\n<div style=\"margin-bottom: 30px; font-size: 16px;\"> Sok v\u00e1s\u00e1rl\u00f3 azonban k\u00edv\u00e1ncsi:<\/div>\n<div style=\"margin-bottom: 20px; font-size: 16px;\"> <span style=\"color: #008000;\"><strong>Haszn\u00e1lhat\u00f3 ez a r\u00e9tegelt lemez k\u00fclt\u00e9ri projektekhez?<\/strong><\/span><\/div>\n<div style=\"margin-bottom: 20px; font-size: 16px;\"> A r\u00f6vid v\u00e1lasz az, <strong>hogy ez a k\u00f6rnyezett\u0151l \u00e9s a projekt t\u00edpus\u00e1t\u00f3l f\u00fcgg<\/strong> . Ebben az \u00fatmutat\u00f3ban elmagyar\u00e1zzuk, hogy mi is ez a panel, hogyan k\u00e9sz\u00fcl, hol teljes\u00edt a legjobban, \u00e9s hogy alkalmas-e k\u00fclt\u00e9ri alkalmaz\u00e1sokra. <\/div>\n<hr style=\"border: 0; height: 1px; background-color: #eee; margin: 40px 0;\" \/>\n<h2 style=\"font-family: Arial, sans-serif; font-size: 22px; font-weight: 600; color: #222; margin: 40px 0 16px 0;\"> Mi az a kereskedelmi r\u00e9tegelt lemez? <\/h2>\n<p style=\"font-family: Arial, sans-serif; font-size: 16px; margin: 0 0 20px 0; line-height: 1.7;\"> <a href=\"https:\/\/baitwood.com\/product\/birch-plywood\/\">A r\u00e9tegelt lemez<\/a> egy r\u00e9tegelt lemez, amelyet t\u00f6bb v\u00e9kony r\u00e9teg fafurn\u00e9r \u00f6sszeragaszt\u00e1s\u00e1val \u00e1ll\u00edtanak el\u0151 nagy nyom\u00e1s \u00e9s h\u0151m\u00e9rs\u00e9klet alatt. A szomsz\u00e9dos furn\u00e9rr\u00e9tegek sz\u00e1lir\u00e1nya mer\u0151leges egym\u00e1sra, ami kiv\u00e1l\u00f3 m\u00e9retstabilit\u00e1st \u00e9s szil\u00e1rds\u00e1got biztos\u00edt. <\/p>\n<p style=\"font-family: Arial, sans-serif; font-size: 16px; margin: 0 0 20px 0; line-height: 1.7;\"> A t\u00f6m\u00f6r f\u00e1val ellent\u00e9tben ez a lap kev\u00e9sb\u00e9 hajlamos a vetemed\u00e9sre, reped\u00e9sre vagy zsugorod\u00e1sra. <\/p>\n<p style=\"font-family: Arial, sans-serif; font-size: 16px; margin: 0 0 10px 0; line-height: 1.7;\"> Tipikus jellemz\u0151k a k\u00f6vetkez\u0151k: <\/p>\n<ul style=\"font-family: Arial, sans-serif; font-size: 16px; line-height: 1.8; margin: 0 0 24px 0; padding-left: 22px;\">\n<li style=\"margin-bottom: 8px;\"> Sima fel\u00fclet<\/li>\n<li style=\"margin-bottom: 8px;\"> J\u00f3 csavartart\u00f3 k\u00e9pess\u00e9g<\/li>\n<li style=\"margin-bottom: 8px;\"> Magas szil\u00e1rds\u00e1g-t\u00f6meg ar\u00e1ny<\/li>\n<li style=\"margin-bottom: 8px;\"> K\u00f6nny\u0171 megmunk\u00e1l\u00e1s \u00e9s v\u00e1g\u00e1s<\/li>\n<li style=\"margin-bottom: 8px;\"> K\u00f6lts\u00e9ghat\u00e9kony a pr\u00e9mium r\u00e9tegelt lemezhez k\u00e9pest <\/li>\n<\/ul>\n<p style=\"font-family: Arial, sans-serif; font-size: 16px; margin: 0 0 20px 0; line-height: 1.7;\"> Ez a bels\u0151 panel \u00e1ltal\u00e1ban <strong>3 mm-t\u0151l 25 mm-ig<\/strong> terjed\u0151 vastags\u00e1gban k\u00e9sz\u00fcl, a n\u00e9pszer\u0171 m\u00e9retek k\u00f6z\u00e9 tartozik <strong>az 1220 \u00d7 2440 mm (4 \u00d7 8 l\u00e1b)<\/strong> . <\/p>\n<hr style=\"border: 0; height: 1px; background-color: #eee; margin: 40px 0;\" \/>\n<h2 style=\"font-family: Arial, sans-serif; font-size: 22px; font-weight: 600; color: #222; margin: 40px 0 16px 0;\"> Mib\u0151l k\u00e9sz\u00fcl a kereskedelmi r\u00e9tegelt lemez? <\/h2>\n<p style=\"font-family: Arial, sans-serif; font-size: 16px; margin: 0 0 20px 0; line-height: 1.7;\"> A standard bels\u0151 r\u00e9tegelt lemez \u00e1ltal\u00e1ban h\u00e1rom r\u00e9szb\u0151l \u00e1ll: <\/p>\n<h3 style=\"font-family: Arial, sans-serif; font-size: 19px; font-weight: 600; color: #333; margin: 24px 0 12px 0;\"> Arcfurn\u00e9r <\/h3>\n<p style=\"font-family: Arial, sans-serif; font-size: 16px; margin: 0 0 10px 0; line-height: 1.7;\"> A fel\u00fcleti r\u00e9teg hat\u00e1rozza meg a megjelen\u00e9st \u00e9s a kidolgoz\u00e1s min\u0151s\u00e9g\u00e9t. A gyakori fajok k\u00f6z\u00e9 tartoznak: <\/p>\n<ul style=\"font-family: Arial, sans-serif; font-size: 16px; line-height: 1.8; margin: 0 0 24px 0; padding-left: 22px;\">\n<li style=\"margin-bottom: 8px;\"> Okoume<\/li>\n<li style=\"margin-bottom: 8px;\"> Ny\u00edr<\/li>\n<li style=\"margin-bottom: 8px;\"> Ny\u00e1rfa<\/li>\n<li style=\"margin-bottom: 8px;\"> Bintangor<\/li>\n<li style=\"margin-bottom: 8px;\"> Feny\u0151 <\/li>\n<\/ul>\n<p style=\"font-family: Arial, sans-serif; font-size: 16px; margin: 0 0 20px 0; line-height: 1.7;\"> Ezek a furn\u00e9rok sima fel\u00fcletet biztos\u00edtanak, amely alkalmas fest\u00e9sre, lamin\u00e1l\u00e1sra vagy furn\u00e9roz\u00e1sra. <\/p>\n<h3 style=\"font-family: Arial, sans-serif; font-size: 19px; font-weight: 600; color: #333; margin: 24px 0 12px 0;\"> Magfurn\u00e9r <\/h3>\n<p style=\"font-family: Arial, sans-serif; font-size: 16px; margin: 0 0 20px 0; line-height: 1.7;\"> A bels\u0151 r\u00e9tegek szerkezeti szil\u00e1rds\u00e1got biztos\u00edtanak. <\/p>\n<p style=\"font-family: Arial, sans-serif; font-size: 16px; margin: 0 0 10px 0; line-height: 1.7;\"> A n\u00e9pszer\u0171 alapanyagok k\u00f6z\u00e9 tartoznak: <\/p>\n<ul style=\"font-family: Arial, sans-serif; font-size: 16px; line-height: 1.8; margin: 0 0 24px 0; padding-left: 22px;\">\n<li style=\"margin-bottom: 8px;\"> Ny\u00e1rfa<\/li>\n<li style=\"margin-bottom: 8px;\"> Kem\u00e9nyfa<\/li>\n<li style=\"margin-bottom: 8px;\"> Eukaliptusz<\/li>\n<li style=\"margin-bottom: 8px;\"> Vegyes kem\u00e9nyfa <\/li>\n<\/ul>\n<p style=\"font-family: Arial, sans-serif; font-size: 16px; margin: 0 0 20px 0; line-height: 1.7;\"> A kiv\u00e1l\u00f3 min\u0151s\u00e9g\u0171 lapok teljes maggal ell\u00e1tott furn\u00e9rot haszn\u00e1lnak minim\u00e1lis r\u00e9sekkel. <\/p>\n<h3 style=\"font-family: Arial, sans-serif; font-size: 19px; font-weight: 600; color: #333; margin: 24px 0 12px 0;\"> Ragaszt\u00f3anyag <\/h3>\n<p style=\"font-family: Arial, sans-serif; font-size: 16px; margin: 0 0 20px 0; line-height: 1.7;\"> A ragaszt\u00f3 nagyban meghat\u00e1rozza a panel nedvess\u00e9g\u00e1ll\u00f3s\u00e1g\u00e1t. <\/p>\n<p style=\"font-family: Arial, sans-serif; font-size: 16px; margin: 0 0 10px 0; line-height: 1.7;\"> A gyakori ragaszt\u00f3t\u00edpusok a k\u00f6vetkez\u0151k: <\/p>\n<div style=\"margin: 24px 0;\">\n<table style=\"width: 100%; border-collapse: collapse; font-family: Arial, sans-serif; font-size: 15px;\">\n<thead>\n<tr style=\"background-color: #f5f5f5;\">\n<th style=\"padding: 12px 14px; border: 1px solid #ddd; font-weight: 600;\" align=\"left\"> Ragaszt\u00f3gyanta<\/th>\n<th style=\"padding: 12px 14px; border: 1px solid #ddd; font-weight: 600;\" align=\"left\"> V\u00edz\u00e1ll\u00f3s\u00e1g<\/th>\n<th style=\"padding: 12px 14px; border: 1px solid #ddd; font-weight: 600;\" align=\"left\"> Tipikus haszn\u00e1lat<\/th>\n<\/tr>\n<\/thead>\n<tbody>\n<tr>\n<td style=\"padding: 10px 14px; border: 1px solid #ddd;\" align=\"left\"> <strong>UF (karbamid-formaldehid)<\/strong><\/td>\n<td style=\"padding: 10px 14px; border: 1px solid #ddd;\" align=\"left\"> Alacsony<\/td>\n<td style=\"padding: 10px 14px; border: 1px solid #ddd;\" align=\"left\"> Belt\u00e9ri kereskedelmi r\u00e9tegelt lemez <\/td>\n<\/tr>\n<tr style=\"background-color: #fafafa;\">\n<td style=\"padding: 10px 14px; border: 1px solid #ddd;\" align=\"left\"> <strong>MUF (melamin-karbamid-formaldehid)<\/strong><\/td>\n<td style=\"padding: 10px 14px; border: 1px solid #ddd;\" align=\"left\"> K\u00f6zepes<\/td>\n<td style=\"padding: 10px 14px; border: 1px solid #ddd;\" align=\"left\"> Nedvess\u00e9g\u00e1ll\u00f3 belt\u00e9ri alkalmaz\u00e1sok<\/td>\n<\/tr>\n<tr>\n<td style=\"padding: 10px 14px; border: 1px solid #ddd;\" align=\"left\"> <strong>PF (fenol-formaldehid)<\/strong><\/td>\n<td style=\"padding: 10px 14px; border: 1px solid #ddd;\" align=\"left\"> Kiv\u00e1l\u00f3<\/td>\n<td style=\"padding: 10px 14px; border: 1px solid #ddd;\" align=\"left\"> K\u00fcls\u0151 \u00e9s haj\u00f3 r\u00e9tegelt lemez <\/td>\n<\/tr>\n<\/tbody>\n<\/table>\n<\/div>\n<p style=\"font-family: Arial, sans-serif; font-size: 16px; margin: 0 0 20px 0; line-height: 1.7;\"> A legt\u00f6bb belt\u00e9ri r\u00e9tegelt lemez UF (karbamid-formaldehid) ragaszt\u00f3val van ragasztva, \u00edgy els\u0151sorban belt\u00e9ri alkalmaz\u00e1sokhoz alkalmasak. <\/p>\n<hr style=\"border: 0; height: 1px; background-color: #eee; margin: 40px 0;\" \/>\n<h2 style=\"font-family: Arial, sans-serif; font-size: 22px; font-weight: 600; color: #222; margin: 40px 0 16px 0;\"> A kereskedelmi r\u00e9tegelt lemez el\u0151nyei <\/h2>\n<p><img fetchpriority=\"high\" decoding=\"async\" class=\"size-full wp-image-26067 aligncenter\" src=\"https:\/\/files.baitcdn.com\/baitwood\/wp-content\/uploads\/2026\/07\/commercial-plywood-applications.webp\" alt=\"Kereskedelmi r\u00e9tegelt lemez alkalmaz\u00e1sok b\u00fatorgy\u00e1rt\u00e1sban, bels\u0151\u00e9p\u00edt\u00e9szetben, szekr\u00e9nyekben \u00e9s falpanelekben.\" width=\"1200\" height=\"500\" srcset=\"https:\/\/files.baitcdn.com\/baitwood\/wp-content\/uploads\/2026\/07\/commercial-plywood-applications.webp 1200w, https:\/\/files.baitcdn.com\/baitwood\/wp-content\/uploads\/2026\/07\/commercial-plywood-applications-300x125.webp 300w, https:\/\/files.baitcdn.com\/baitwood\/wp-content\/uploads\/2026\/07\/commercial-plywood-applications-1024x427.webp 1024w, https:\/\/files.baitcdn.com\/baitwood\/wp-content\/uploads\/2026\/07\/commercial-plywood-applications-768x320.webp 768w, https:\/\/files.baitcdn.com\/baitwood\/wp-content\/uploads\/2026\/07\/commercial-plywood-applications-600x250.webp 600w\" sizes=\"(max-width: 1200px) 100vw, 1200px\" \/><\/p>\n<h3 style=\"font-family: Arial, sans-serif; font-size: 19px; font-weight: 600; color: #333; margin: 24px 0 12px 0;\"> Megfizethet\u0151 <\/h3>\n<p style=\"font-family: Arial, sans-serif; font-size: 16px; margin: 0 0 20px 0; line-height: 1.7;\"> <a href=\"https:\/\/baitwood.com\/product\/birch-plywood\/\">Az ipari r\u00e9tegelt lemez<\/a> kiv\u00e1l\u00f3 \u00e1r-\u00e9rt\u00e9k ar\u00e1nyt k\u00e9pvisel a kem\u00e9nyfa r\u00e9tegelt lemezhez vagy a tengeri r\u00e9tegelt lemezhez k\u00e9pest, mik\u00f6zben tov\u00e1bbra is megb\u00edzhat\u00f3 teljes\u00edtm\u00e9nyt ny\u00fajt. <\/p>\n<h3 style=\"font-family: Arial, sans-serif; font-size: 19px; font-weight: 600; color: #333; margin: 24px 0 12px 0;\"> J\u00f3 er\u0151 <\/h3>\n<p style=\"font-family: Arial, sans-serif; font-size: 16px; margin: 0 0 20px 0; line-height: 1.7;\"> Keresztlamin\u00e1lt szerkezete jav\u00edtja a teherb\u00edr\u00e1st \u00e9s cs\u00f6kkenti a vetemed\u00e9st. <\/p>\n<h3 style=\"font-family: Arial, sans-serif; font-size: 19px; font-weight: 600; color: #333; margin: 24px 0 12px 0;\"> K\u00f6nnyen feldolgozhat\u00f3 <\/h3>\n<p style=\"font-family: Arial, sans-serif; font-size: 16px; margin: 0 0 10px 0; line-height: 1.7;\"> Ez a fa panel lehet: <\/p>\n<ul style=\"font-family: Arial, sans-serif; font-size: 16px; line-height: 1.8; margin: 0 0 24px 0; padding-left: 22px;\">\n<li style=\"margin-bottom: 8px;\"> V\u00e1gott<\/li>\n<li style=\"margin-bottom: 8px;\"> F\u00fart<\/li>\n<li style=\"margin-bottom: 8px;\"> Sz\u00f6gezve<\/li>\n<li style=\"margin-bottom: 8px;\"> Csavart<\/li>\n<li style=\"margin-bottom: 8px;\"> \u00datvonalazva<\/li>\n<li style=\"margin-bottom: 8px;\"> Lamin\u00e1lt<\/li>\n<li style=\"margin-bottom: 8px;\"> Festett <\/li>\n<\/ul>\n<p style=\"font-family: Arial, sans-serif; font-size: 16px; margin: 0 0 20px 0; line-height: 1.7;\"> jelent\u0151s sz\u00e9tv\u00e1laszt\u00e1s n\u00e9lk\u00fcl. <\/p>\n<h3 style=\"font-family: Arial, sans-serif; font-size: 19px; font-weight: 600; color: #333; margin: 24px 0 12px 0;\"> Vonz\u00f3 fel\u00fclet <\/h3>\n<p style=\"font-family: Arial, sans-serif; font-size: 16px; margin: 0 0 20px 0; line-height: 1.7;\"> Dekorat\u00edv fel\u00fcletfurn\u00e9rok vagy lamin\u00e1tumok seg\u00edts\u00e9g\u00e9vel a lemez letisztult \u00e9s vonz\u00f3 megjelen\u00e9st k\u00f6lcs\u00f6n\u00f6z b\u00fatoroknak \u00e9s bels\u0151\u00e9p\u00edt\u00e9szeti elemeknek. <\/p>\n<h3 style=\"font-family: Arial, sans-serif; font-size: 19px; font-weight: 600; color: #333; margin: 24px 0 12px 0;\"> Sz\u00e9les k\u00f6rben el\u00e9rhet\u0151 <\/h3>\n<p style=\"font-family: Arial, sans-serif; font-size: 16px; margin: 0 0 20px 0; line-height: 1.7;\"> Sz\u00e1mos min\u0151s\u00e9gben, m\u00e9retben, furn\u00e9rfajt\u00e1ban \u00e9s vastags\u00e1gban kaphat\u00f3, hogy megfeleljen a k\u00fcl\u00f6nb\u00f6z\u0151 projektek k\u00f6vetelm\u00e9nyeinek. <\/p>\n<hr style=\"border: 0; height: 1px; background-color: #eee; margin: 40px 0;\" \/>\n<h2 style=\"font-family: Arial, sans-serif; font-size: 22px; font-weight: 600; color: #222; margin: 40px 0 16px 0;\"> Gyakori alkalmaz\u00e1sok <\/h2>\n<p style=\"font-family: Arial, sans-serif; font-size: 16px; margin: 0 0 10px 0; line-height: 1.7;\"> <a href=\"https:\/\/baitwood.com\/product\/birch-plywood\/\">Kereskedelmi r\u00e9tegelt lemezt<\/a> sz\u00e9les k\u00f6rben haszn\u00e1lnak bels\u0151\u00e9p\u00edt\u00e9szeti projektekben, p\u00e9ld\u00e1ul: <\/p>\n<ul style=\"font-family: Arial, sans-serif; font-size: 16px; line-height: 1.8; margin: 0 0 24px 0; padding-left: 22px;\">\n<li style=\"margin-bottom: 8px;\"> konyhaszekr\u00e9nyek<\/li>\n<li style=\"margin-bottom: 8px;\"> Gardr\u00f3bok<\/li>\n<li style=\"margin-bottom: 8px;\"> Irodab\u00fator<\/li>\n<li style=\"margin-bottom: 8px;\"> K\u00f6nyvespolcok<\/li>\n<li style=\"margin-bottom: 8px;\"> TV-szekr\u00e9nyek<\/li>\n<li style=\"margin-bottom: 8px;\"> Bels\u0151 falpanelek<\/li>\n<li style=\"margin-bottom: 8px;\"> Mennyezeti panelek<\/li>\n<li style=\"margin-bottom: 8px;\"> V\u00e1laszfalak<\/li>\n<li style=\"margin-bottom: 8px;\"> \u00dczletberendez\u00e9s<\/li>\n<li style=\"margin-bottom: 8px;\"> Csomagol\u00f3dobozok <\/li>\n<\/ul>\n<p style=\"font-family: Arial, sans-serif; font-size: 16px; margin: 0 0 20px 0; line-height: 1.7;\"> Sokoldal\u00fas\u00e1g\u00e1nak k\u00f6sz\u00f6nhet\u0151en vil\u00e1gszerte az egyik leggyakrabban haszn\u00e1lt r\u00e9tegelt lemez term\u00e9k. <\/p>\n<hr style=\"border: 0; height: 1px; background-color: #eee; margin: 40px 0;\" \/>\n<h2 style=\"font-family: Arial, sans-serif; font-size: 22px; font-weight: 600; color: #222; margin: 40px 0 16px 0;\"> Haszn\u00e1lhat\u00f3-e kereskedelmi r\u00e9tegelt lemez k\u00fclt\u00e9ren? <\/h2>\n<p style=\"font-family: Arial, sans-serif; font-size: 16px; margin: 0 0 20px 0; line-height: 1.7;\"> <span style=\"color: #008000;\">A v\u00e1lasz <strong>igen \u2013 de csak bizonyos felt\u00e9telek mellett.<\/strong><\/span> <\/p>\n<p style=\"font-family: Arial, sans-serif; font-size: 16px; margin: 0 0 20px 0; line-height: 1.7;\"> Ez a panel <strong>els\u0151sorban belt\u00e9ri haszn\u00e1latra k\u00e9sz\u00fclt<\/strong> , \u00e9s <strong>nem alkalmas hosszan tart\u00f3 es\u0151, k\u00f6zvetlen napf\u00e9ny vagy zord id\u0151j\u00e1r\u00e1si k\u00f6r\u00fclm\u00e9nyek hat\u00e1s\u00e1nak val\u00f3 kitetts\u00e9gre<\/strong> . A legt\u00f6bb v\u00e1ltozat <strong>UF (karbamid-formaldehid) ragaszt\u00f3val<\/strong> van r\u00f6gz\u00edtve, amely korl\u00e1tozott nedvess\u00e9g\u00e1ll\u00f3s\u00e1got biztos\u00edt, \u00e9s hossz\u00fa t\u00e1v\u00fa v\u00edznek val\u00f3 kitetts\u00e9g ut\u00e1n romolhat. <\/p>\n<p style=\"font-family: Arial, sans-serif; font-size: 16px; margin: 0 0 20px 0; line-height: 1.7;\"> Alkalmas lehet <strong>ideiglenes vagy v\u00e9dett k\u00fclt\u00e9ri alkalmaz\u00e1sokhoz<\/strong> , p\u00e9ld\u00e1ul: <\/p>\n<ul style=\"font-family: Arial, sans-serif; font-size: 16px; line-height: 1.8; margin: 0 0 24px 0; padding-left: 22px;\">\n<li style=\"margin-bottom: 8px;\"> Fedett erk\u00e9lyek<\/li>\n<li style=\"margin-bottom: 8px;\"> Fedett teraszok<\/li>\n<li style=\"margin-bottom: 8px;\"> Ideiglenes helysz\u00edni \u00e9p\u00edtm\u00e9nyek<\/li>\n<li style=\"margin-bottom: 8px;\"> Szabadt\u00e9ri ki\u00e1ll\u00edt\u00e1sok<\/li>\n<li style=\"margin-bottom: 8px;\"> \u00c9p\u00edt\u00e9si deszkaburkolat v\u00e9d\u0151bevonattal <\/li>\n<\/ul>\n<p style=\"font-family: Arial, sans-serif; font-size: 16px; margin: 0 0 20px 0; line-height: 1.7;\"> Azonban <strong>nem szabad olyan ter\u00fcleteken haszn\u00e1lni, amelyek folyamatosan nedvess\u00e9gnek vagy \u00e1ll\u00f3v\u00edznek vannak kit\u00e9ve<\/strong> . Teljesen kitett k\u00fclt\u00e9ri projektekhez <strong>a WBP r\u00e9tegelt lemez vagy a haj\u00f3 r\u00e9tegelt lemez<\/strong> megfelel\u0151bb v\u00e1laszt\u00e1s. <\/p>\n<hr style=\"border: 0; height: 1px; background-color: #eee; margin: 40px 0;\" \/>\n<h2 style=\"font-family: Arial, sans-serif; font-size: 22px; font-weight: 600; color: #222; margin: 40px 0 16px 0;\"> Mi t\u00f6rt\u00e9nik, ha a r\u00e9tegelt lemez nedves lesz? <\/h2>\n<p style=\"font-family: Arial, sans-serif; font-size: 16px; margin: 0 0 10px 0; line-height: 1.7;\"> Az ism\u00e9telt nedvess\u00e9gnek val\u00f3 kitetts\u00e9g sz\u00e1mos probl\u00e9m\u00e1t okozhat: <\/p>\n<ul style=\"font-family: Arial, sans-serif; font-size: 16px; line-height: 1.8; margin: 0 0 24px 0; padding-left: 22px;\">\n<li style=\"margin-bottom: 8px;\"> Duzzanat<\/li>\n<li style=\"margin-bottom: 8px;\"> Delamin\u00e1ci\u00f3<\/li>\n<li style=\"margin-bottom: 8px;\"> Fel\u00fcleti h\u00f3lyagosod\u00e1s<\/li>\n<li style=\"margin-bottom: 8px;\"> Pen\u00e9szgomba<\/li>\n<li style=\"margin-bottom: 8px;\"> Cs\u00f6kkent szerkezeti szil\u00e1rds\u00e1g<\/li>\n<li style=\"margin-bottom: 8px;\"> R\u00f6vid\u00edtett \u00e9lettartam <\/li>\n<\/ul>\n<p style=\"font-family: Arial, sans-serif; font-size: 16px; margin: 0 0 20px 0; line-height: 1.7;\"> Ezek a probl\u00e9m\u00e1k s\u00falyosbodnak, ha a lemez sz\u00e9leit nem z\u00e1rj\u00e1k le. <\/p>\n<hr style=\"border: 0; height: 1px; background-color: #eee; margin: 40px 0;\" \/>\n<h2 style=\"font-family: Arial, sans-serif; font-size: 22px; font-weight: 600; color: #222; margin: 40px 0 16px 0;\"> Hogyan jav\u00edtsuk a szabadt\u00e9ri teljes\u00edtm\u00e9ny\u00fcnket <\/h2>\n<p><img decoding=\"async\" class=\"size-full wp-image-26065 aligncenter\" src=\"https:\/\/files.baitcdn.com\/baitwood\/wp-content\/uploads\/2026\/07\/commercial-plywood-board.webp\" alt=\"Kereskedelmi r\u00e9tegelt lemez term\u00e9kek bemutat\u00e1sa sima fel\u00fclettel \u00e9s t\u00f6bbr\u00e9teg\u0171 fa szerkezettel.\" width=\"1200\" height=\"500\" srcset=\"https:\/\/files.baitcdn.com\/baitwood\/wp-content\/uploads\/2026\/07\/commercial-plywood-board.webp 1200w, https:\/\/files.baitcdn.com\/baitwood\/wp-content\/uploads\/2026\/07\/commercial-plywood-board-300x125.webp 300w, https:\/\/files.baitcdn.com\/baitwood\/wp-content\/uploads\/2026\/07\/commercial-plywood-board-1024x427.webp 1024w, https:\/\/files.baitcdn.com\/baitwood\/wp-content\/uploads\/2026\/07\/commercial-plywood-board-768x320.webp 768w, https:\/\/files.baitcdn.com\/baitwood\/wp-content\/uploads\/2026\/07\/commercial-plywood-board-600x250.webp 600w\" sizes=\"(max-width: 1200px) 100vw, 1200px\" \/><\/p>\n<p style=\"font-family: Arial, sans-serif; font-size: 16px; margin: 0 0 20px 0; line-height: 1.7;\"> Ha <a href=\"https:\/\/baitwood.com\/product\/birch-plywood\/\">kereskedelmi r\u00e9tegelt lemezt<\/a> kell haszn\u00e1lnia k\u00fclt\u00e9ren, a megfelel\u0151 v\u00e9delem elengedhetetlen. <\/p>\n<h3 style=\"font-family: Arial, sans-serif; font-size: 19px; font-weight: 600; color: #333; margin: 24px 0 12px 0;\"> Minden \u00e9l lez\u00e1r\u00e1sa <\/h3>\n<p style=\"font-family: Arial, sans-serif; font-size: 16px; margin: 0 0 20px 0; line-height: 1.7;\"> A sz\u00e9lek sokkal gyorsabban sz\u00edvj\u00e1k fel a nedvess\u00e9get, mint a fel\u00fclet. A sz\u00e9lv\u00e9d\u0151 t\u00f6m\u00edt\u0151anyag felvitele jelent\u0151sen cs\u00f6kkenti a v\u00edz behatol\u00e1s\u00e1t. <\/p>\n<h3 style=\"font-family: Arial, sans-serif; font-size: 19px; font-weight: 600; color: #333; margin: 24px 0 12px 0;\"> V\u00edz\u00e1ll\u00f3 fest\u00e9k felvitele <\/h3>\n<p style=\"font-family: Arial, sans-serif; font-size: 16px; margin: 0 0 20px 0; line-height: 1.7;\"> A k\u00fclt\u00e9ri fest\u00e9k, lakk vagy poliuret\u00e1n v\u00e9d\u0151r\u00e9teget k\u00e9pez az es\u0151 \u00e9s a p\u00e1ratartalom ellen. <\/p>\n<h3 style=\"font-family: Arial, sans-serif; font-size: 19px; font-weight: 600; color: #333; margin: 24px 0 12px 0;\"> Ker\u00fclje a talajjal val\u00f3 \u00e9rintkez\u00e9st <\/h3>\n<p style=\"font-family: Arial, sans-serif; font-size: 16px; margin: 0 0 20px 0; line-height: 1.7;\"> Tartsa a panelt a talaj felett magasan, hogy megakad\u00e1lyozza a nedvess\u00e9g hosszan tart\u00f3 felsz\u00edv\u00f3d\u00e1s\u00e1t. <\/p>\n<h3 style=\"font-family: Arial, sans-serif; font-size: 19px; font-weight: 600; color: #333; margin: 24px 0 12px 0;\"> Biztos\u00edtson mened\u00e9ket <\/h3>\n<p style=\"font-family: Arial, sans-serif; font-size: 16px; margin: 0 0 20px 0; line-height: 1.7;\"> Ezt a falapot csak fedett k\u00fclt\u00e9ri helyeken haszn\u00e1lja, ahol v\u00e9dve van a k\u00f6zvetlen es\u0151t\u0151l. <\/p>\n<h3 style=\"font-family: Arial, sans-serif; font-size: 19px; font-weight: 600; color: #333; margin: 24px 0 12px 0;\"> Rendszeres karbantart\u00e1s elv\u00e9gz\u00e9se <\/h3>\n<p style=\"font-family: Arial, sans-serif; font-size: 16px; margin: 0 0 20px 0; line-height: 1.7;\"> Rendszeresen ellen\u0151rizze a v\u00e9d\u0151bevonatot, \u00e9s azonnal jav\u00edtsa meg a s\u00e9r\u00fclt ter\u00fcleteket. <\/p>\n<hr style=\"border: 0; height: 1px; background-color: #eee; margin: 40px 0;\" \/>\n<h2 style=\"font-family: Arial, sans-serif; font-size: 22px; font-weight: 600; color: #222; margin: 40px 0 16px 0;\"> Jobb alternat\u00edv\u00e1k k\u00fclt\u00e9ri projektekhez <\/h2>\n<p style=\"font-family: Arial, sans-serif; font-size: 16px; margin: 0 0 10px 0; line-height: 1.7;\"> Az id\u0151j\u00e1r\u00e1snak kitett projektek eset\u00e9ben \u00e9rdemes ezeket a r\u00e9tegelt lemez t\u00edpusokat v\u00e1lasztani: <\/p>\n<h3 style=\"font-family: Arial, sans-serif; font-size: 19px; font-weight: 600; color: #333; margin: 24px 0 12px 0;\"> WBP r\u00e9tegelt lemez <\/h3>\n<p style=\"font-family: Arial, sans-serif; font-size: 16px; margin: 0 0 20px 0; line-height: 1.7;\"> A v\u00edz\u00e1ll\u00f3 fenolos ragaszt\u00f3val gy\u00e1rtott WBP r\u00e9tegelt lemez kiv\u00e1l\u00f3an ellen\u00e1ll a nedvess\u00e9gnek \u00e9s az id\u0151j\u00e1r\u00e1snak. <\/p>\n<p style=\"font-family: Arial, sans-serif; font-size: 16px; margin: 0 0 10px 0; line-height: 1.7;\"> Alkalmas: <\/p>\n<ul style=\"font-family: Arial, sans-serif; font-size: 16px; line-height: 1.8; margin: 0 0 24px 0; padding-left: 22px;\">\n<li style=\"margin-bottom: 8px;\"> k\u00fclt\u00e9ri b\u00fatorok<\/li>\n<li style=\"margin-bottom: 8px;\"> K\u00fclt\u00e9ri \u00e9p\u00edtkez\u00e9s<\/li>\n<li style=\"margin-bottom: 8px;\"> Tet\u0151szerkezet<\/li>\n<li style=\"margin-bottom: 8px;\"> Zsaluzat <\/li>\n<\/ul>\n<h3 style=\"font-family: Arial, sans-serif; font-size: 19px; font-weight: 600; color: #333; margin: 24px 0 12px 0;\"> Tengeri r\u00e9tegelt lemez <\/h3>\n<p style=\"font-family: Arial, sans-serif; font-size: 16px; margin: 0 0 20px 0; line-height: 1.7;\"> A tengeri r\u00e9tegelt lemez pr\u00e9mium kem\u00e9nyfa furn\u00e9rokkal, v\u00edz\u00e1ll\u00f3 ragaszt\u00f3val \u00e9s minim\u00e1lis mag\u00fcregekkel rendelkezik. <\/p>\n<p style=\"font-family: Arial, sans-serif; font-size: 16px; margin: 0 0 10px 0; line-height: 1.7;\"> Ide\u00e1lis a k\u00f6vetkez\u0151kh\u00f6z: <\/p>\n<ul style=\"font-family: Arial, sans-serif; font-size: 16px; line-height: 1.8; margin: 0 0 24px 0; padding-left: 22px;\">\n<li style=\"margin-bottom: 8px;\"> Haj\u00f3k<\/li>\n<li style=\"margin-bottom: 8px;\"> Dokkok<\/li>\n<li style=\"margin-bottom: 8px;\"> Tenger\u00e9szeti \u00e9p\u00edt\u00e9s<\/li>\n<li style=\"margin-bottom: 8px;\"> Magas p\u00e1ratartalm\u00fa k\u00f6rnyezetek <\/li>\n<\/ul>\n<h3 style=\"font-family: Arial, sans-serif; font-size: 19px; font-weight: 600; color: #333; margin: 24px 0 12px 0;\"> Filmbevonat\u00fa r\u00e9tegelt lemez <\/h3>\n<p style=\"font-family: Arial, sans-serif; font-size: 16px; margin: 0 0 20px 0; line-height: 1.7;\"> V\u00edz\u00e1ll\u00f3 fenolf\u00f3li\u00e1val bevonva, ez a r\u00e9tegelt lemez ism\u00e9telt betonzsaluzatokhoz \u00e9s ig\u00e9nyes \u00e9p\u00edt\u00e9si k\u00f6r\u00fclm\u00e9nyekhez k\u00e9sz\u00fclt. <\/p>\n<hr style=\"border: 0; height: 1px; background-color: #eee; margin: 40px 0;\" \/>\n<h2 style=\"font-family: Arial, sans-serif; font-size: 22px; font-weight: 600; color: #222; margin: 40px 0 16px 0;\"> Hogyan v\u00e1lasszuk ki a megfelel\u0151 r\u00e9tegelt lemezt <\/h2>\n<p style=\"font-family: Arial, sans-serif; font-size: 16px; margin: 0 0 10px 0; line-height: 1.7;\"> V\u00e1s\u00e1rl\u00e1s el\u0151tt tedd fel magadnak ezeket a k\u00e9rd\u00e9seket: <\/p>\n<p style=\"font-family: Arial, sans-serif; font-size: 16px; margin: 0 0 10px 0; line-height: 1.7;\"> <strong>Ki lesz t\u00e9ve az es\u0151nek a r\u00e9tegelt lemez?<\/strong> <\/p>\n<ul style=\"font-family: Arial, sans-serif; font-size: 16px; line-height: 1.8; margin: 0 0 24px 0; padding-left: 22px;\">\n<li style=\"margin-bottom: 8px;\"> Igen \u2192 V\u00e1lasszon WBP-t vagy haj\u00f3 r\u00e9tegelt lemezt<\/li>\n<li style=\"margin-bottom: 8px;\"> Nem \u2192 A standard belt\u00e9ri r\u00e9tegelt lemez \u00e1ltal\u00e1ban elegend\u0151. <\/li>\n<\/ul>\n<p style=\"font-family: Arial, sans-serif; font-size: 16px; margin: 0 0 10px 0; line-height: 1.7;\"> <strong>Fontos a k\u00fcls\u0151?<\/strong> <\/p>\n<ul style=\"font-family: Arial, sans-serif; font-size: 16px; line-height: 1.8; margin: 0 0 24px 0; padding-left: 22px;\">\n<li style=\"margin-bottom: 8px;\"> Dekorat\u00edv b\u00fatorok \u2192 Kereskedelmi r\u00e9tegelt lemez<\/li>\n<li style=\"margin-bottom: 8px;\"> K\u00fclt\u00e9ri szerkezeti felhaszn\u00e1l\u00e1s \u2192 K\u00fclt\u00e9ri r\u00e9tegelt lemez. <\/li>\n<\/ul>\n<p style=\"font-family: Arial, sans-serif; font-size: 16px; margin: 0 0 10px 0; line-height: 1.7;\"> <strong>A k\u00f6lts\u00e9g az els\u0151dleges szempont?<\/strong> <\/p>\n<ul style=\"font-family: Arial, sans-serif; font-size: 16px; line-height: 1.8; margin: 0 0 24px 0; padding-left: 22px;\">\n<li style=\"margin-bottom: 8px;\"> Belt\u00e9ri projektek \u2192 Az ipari r\u00e9tegelt lemez k\u00edn\u00e1lja a legjobb \u00e1r-\u00e9rt\u00e9k ar\u00e1nyt.<\/li>\n<li style=\"margin-bottom: 8px;\"> K\u00fclt\u00e9ri tart\u00f3ss\u00e1g \u2192 Fektessen be v\u00edz\u00e1ll\u00f3 r\u00e9tegelt lemezbe a hosszabb \u00e9lettartam \u00e9rdek\u00e9ben. <\/li>\n<\/ul>\n<hr style=\"border: 0; height: 1px; background-color: #eee; margin: 40px 0;\" \/>\n<h2 style=\"font-family: Arial, sans-serif; font-size: 22px; font-weight: 600; color: #222; margin: 40px 0 16px 0;\"> K\u00f6vetkeztet\u00e9s <\/h2>\n<p style=\"font-family: Arial, sans-serif; font-size: 16px; margin: 0 0 20px 0; line-height: 1.7;\"> <a href=\"https:\/\/baitwood.com\/product\/birch-plywood\/\">Az ipari r\u00e9tegelt lemez<\/a> megb\u00edzhat\u00f3, gazdas\u00e1gos \u00e9s sokoldal\u00fa anyag, amely sz\u00e1mos <strong>belt\u00e9ri b\u00fator- \u00e9s bels\u0151\u00e9p\u00edt\u00e9szeti projekthez<\/strong> haszn\u00e1lhat\u00f3. Kiv\u00e1l\u00f3 megmunk\u00e1lhat\u00f3s\u00e1got, szil\u00e1rds\u00e1got \u00e9s sima fel\u00fcletet biztos\u00edt megfizethet\u0151 \u00e1ron. <\/p>\n<p style=\"font-family: Arial, sans-serif; font-size: 16px; margin: 0 0 20px 0; line-height: 1.7;\"> B\u00e1r <strong>bizonyos v\u00e9dett k\u00fclt\u00e9ri alkalmaz\u00e1sokban haszn\u00e1lhat\u00f3<\/strong> , <strong>nem alkalmas es\u0151nek vagy zord id\u0151j\u00e1r\u00e1snak val\u00f3 hossz\u00fa t\u00e1v\u00fa kitetts\u00e9gre<\/strong> . Ha a projekt folyamatos nedvess\u00e9gnek lesz kit\u00e9ve, <strong>a WBP r\u00e9tegelt lemez, a haj\u00f3 r\u00e9tegelt lemez vagy m\u00e1s k\u00fclt\u00e9ri r\u00e9tegelt lemez<\/strong> v\u00e1laszt\u00e1sa a jobb hossz\u00fa t\u00e1v\u00fa befektet\u00e9s. <\/p>\n<p style=\"font-family: Arial, sans-serif; font-size: 16px; margin: 0 0 20px 0; line-height: 1.7;\"> A k\u00f6rnyezetnek megfelel\u0151 r\u00e9tegelt lemez kiv\u00e1laszt\u00e1s\u00e1val jav\u00edthatja a tart\u00f3ss\u00e1got, cs\u00f6kkentheti a karbantart\u00e1si k\u00f6lts\u00e9geket, \u00e9s biztos\u00edthatja, hogy projektje \u00e9vekig j\u00f3l m\u0171k\u00f6dj\u00f6n.<\/p>\n<\/div>\n","protected":false},"featured_media":26084,"template":"","class_list":["post-26135","latest-news","type-latest-news","status-publish","has-post-thumbnail","hentry"],"yoast_head":"<!-- This site is optimized with the Yoast SEO Premium plugin v27.3 (Yoast SEO v27.3) - https:\/\/yoast.com\/product\/yoast-seo-premium-wordpress\/ -->\n<title>Haszn\u00e1lhat\u00f3-e kereskedelmi r\u00e9tegelt lemez k\u00fclt\u00e9ren? Teljes k\u00f6r\u0171 \u00fatmutat\u00f3 - Linyi Bait Wood Industry Co. Ltd<\/title>\n<meta name=\"description\" content=\"Ismerje meg, hogy a r\u00e9tegelt lemez haszn\u00e1lhat\u00f3-e k\u00fclt\u00e9ren, milyen a v\u00edz\u00e1ll\u00f3s\u00e1ga, a korl\u00e1tai \u00e9s a legjobb alternat\u00edv\u00e1k.\" \/>\n<meta name=\"robots\" content=\"index, follow, max-snippet:-1, max-image-preview:large, max-video-preview:-1\" \/>\n<link rel=\"canonical\" href=\"https:\/\/baitwood.com\/hu\/blogs\/mi-az-a-kereskedelmi-retegelt-lemez-es-hasznalhato-kulteri-projektekhez\/\" \/>\n<meta property=\"og:locale\" content=\"hu_HU\" \/>\n<meta property=\"og:type\" content=\"article\" \/>\n<meta property=\"og:title\" content=\"Mi az a kereskedelmi r\u00e9tegelt lemez, \u00e9s haszn\u00e1lhat\u00f3 k\u00fclt\u00e9ri projektekhez?\" \/>\n<meta property=\"og:description\" content=\"Ismerje meg, hogy a r\u00e9tegelt lemez haszn\u00e1lhat\u00f3-e k\u00fclt\u00e9ren, milyen a v\u00edz\u00e1ll\u00f3s\u00e1ga, a korl\u00e1tai \u00e9s a legjobb alternat\u00edv\u00e1k.\" \/>\n<meta property=\"og:url\" content=\"https:\/\/baitwood.com\/hu\/blogs\/mi-az-a-kereskedelmi-retegelt-lemez-es-hasznalhato-kulteri-projektekhez\/\" \/>\n<meta property=\"og:site_name\" content=\"Linyi Bait Wood Industry Co. Ltd\" \/>\n<meta property=\"article:modified_time\" content=\"2026-07-06T07:26:44+00:00\" \/>\n<meta property=\"og:image\" content=\"https:\/\/files.baitcdn.com\/baitwood\/wp-content\/uploads\/2026\/07\/commercial-plywood-outdoor-projects.webp\" \/>\n\t<meta property=\"og:image:width\" content=\"1200\" \/>\n\t<meta property=\"og:image:height\" content=\"500\" \/>\n\t<meta property=\"og:image:type\" content=\"image\/webp\" \/>\n<meta name=\"twitter:card\" content=\"summary_large_image\" \/>\n<meta name=\"twitter:label1\" content=\"Becs\u00fclt olvas\u00e1si id\u0151\" \/>\n\t<meta name=\"twitter:data1\" content=\"8 perc\" \/>\n<script type=\"application\/ld+json\" class=\"yoast-schema-graph\">{\"@context\":\"https:\\\/\\\/schema.org\",\"@graph\":[{\"@type\":\"WebPage\",\"@id\":\"https:\\\/\\\/baitwood.com\\\/hu\\\/blogs\\\/mi-az-a-kereskedelmi-retegelt-lemez-es-hasznalhato-kulteri-projektekhez\\\/\",\"url\":\"https:\\\/\\\/baitwood.com\\\/hu\\\/blogs\\\/mi-az-a-kereskedelmi-retegelt-lemez-es-hasznalhato-kulteri-projektekhez\\\/\",\"name\":\"Haszn\u00e1lhat\u00f3-e kereskedelmi r\u00e9tegelt lemez k\u00fclt\u00e9ren? Teljes k\u00f6r\u0171 \u00fatmutat\u00f3 - Linyi Bait Wood Industry Co. Ltd\",\"isPartOf\":{\"@id\":\"https:\\\/\\\/baitwood.com\\\/hu\\\/#website\"},\"primaryImageOfPage\":{\"@id\":\"https:\\\/\\\/baitwood.com\\\/hu\\\/blogs\\\/mi-az-a-kereskedelmi-retegelt-lemez-es-hasznalhato-kulteri-projektekhez\\\/#primaryimage\"},\"image\":{\"@id\":\"https:\\\/\\\/baitwood.com\\\/hu\\\/blogs\\\/mi-az-a-kereskedelmi-retegelt-lemez-es-hasznalhato-kulteri-projektekhez\\\/#primaryimage\"},\"thumbnailUrl\":\"https:\\\/\\\/files.baitcdn.com\\\/baitwood\\\/wp-content\\\/uploads\\\/2026\\\/07\\\/commercial-plywood-outdoor-projects.webp\",\"datePublished\":\"2026-07-06T07:26:38+00:00\",\"dateModified\":\"2026-07-06T07:26:44+00:00\",\"description\":\"Ismerje meg, hogy a r\u00e9tegelt lemez haszn\u00e1lhat\u00f3-e k\u00fclt\u00e9ren, milyen a v\u00edz\u00e1ll\u00f3s\u00e1ga, a korl\u00e1tai \u00e9s a legjobb alternat\u00edv\u00e1k.\",\"breadcrumb\":{\"@id\":\"https:\\\/\\\/baitwood.com\\\/hu\\\/blogs\\\/mi-az-a-kereskedelmi-retegelt-lemez-es-hasznalhato-kulteri-projektekhez\\\/#breadcrumb\"},\"inLanguage\":\"hu\",\"potentialAction\":[{\"@type\":\"ReadAction\",\"target\":[\"https:\\\/\\\/baitwood.com\\\/hu\\\/blogs\\\/mi-az-a-kereskedelmi-retegelt-lemez-es-hasznalhato-kulteri-projektekhez\\\/\"]}]},{\"@type\":\"ImageObject\",\"inLanguage\":\"hu\",\"@id\":\"https:\\\/\\\/baitwood.com\\\/hu\\\/blogs\\\/mi-az-a-kereskedelmi-retegelt-lemez-es-hasznalhato-kulteri-projektekhez\\\/#primaryimage\",\"url\":\"https:\\\/\\\/files.baitcdn.com\\\/baitwood\\\/wp-content\\\/uploads\\\/2026\\\/07\\\/commercial-plywood-outdoor-projects.webp\",\"contentUrl\":\"https:\\\/\\\/files.baitcdn.com\\\/baitwood\\\/wp-content\\\/uploads\\\/2026\\\/07\\\/commercial-plywood-outdoor-projects.webp\",\"width\":1200,\"height\":500,\"caption\":\"Kereskedelmi r\u00e9tegelt lemez felhaszn\u00e1l\u00e1si \u00fatmutat\u00f3 belt\u00e9ri \u00e9s korl\u00e1tozott k\u00fclt\u00e9ri alkalmaz\u00e1sokhoz.\"},{\"@type\":\"BreadcrumbList\",\"@id\":\"https:\\\/\\\/baitwood.com\\\/hu\\\/blogs\\\/mi-az-a-kereskedelmi-retegelt-lemez-es-hasznalhato-kulteri-projektekhez\\\/#breadcrumb\",\"itemListElement\":[{\"@type\":\"ListItem\",\"position\":1,\"name\":\"Home\",\"item\":\"https:\\\/\\\/baitwood.com\\\/hu\\\/kezdolap\\\/\"},{\"@type\":\"ListItem\",\"position\":2,\"name\":\"Mi az a kereskedelmi r\u00e9tegelt lemez, \u00e9s haszn\u00e1lhat\u00f3 k\u00fclt\u00e9ri projektekhez?\"}]},{\"@type\":\"WebSite\",\"@id\":\"https:\\\/\\\/baitwood.com\\\/hu\\\/#website\",\"url\":\"https:\\\/\\\/baitwood.com\\\/hu\\\/\",\"name\":\"baitwood\",\"description\":\"Linyi Bait Wood Industry Co. Ltd\",\"publisher\":{\"@id\":\"https:\\\/\\\/baitwood.com\\\/hu\\\/#organization\"},\"potentialAction\":[{\"@type\":\"SearchAction\",\"target\":{\"@type\":\"EntryPoint\",\"urlTemplate\":\"https:\\\/\\\/baitwood.com\\\/hu\\\/?s={search_term_string}\"},\"query-input\":{\"@type\":\"PropertyValueSpecification\",\"valueRequired\":true,\"valueName\":\"search_term_string\"}}],\"inLanguage\":\"hu\"},{\"@type\":[\"Organization\",\"Place\"],\"@id\":\"https:\\\/\\\/baitwood.com\\\/hu\\\/#organization\",\"name\":\"baitwood\",\"url\":\"https:\\\/\\\/baitwood.com\\\/hu\\\/\",\"logo\":{\"@id\":\"https:\\\/\\\/baitwood.com\\\/hu\\\/blogs\\\/mi-az-a-kereskedelmi-retegelt-lemez-es-hasznalhato-kulteri-projektekhez\\\/#local-main-organization-logo\"},\"image\":{\"@id\":\"https:\\\/\\\/baitwood.com\\\/hu\\\/blogs\\\/mi-az-a-kereskedelmi-retegelt-lemez-es-hasznalhato-kulteri-projektekhez\\\/#local-main-organization-logo\"},\"telephone\":[],\"openingHoursSpecification\":[{\"@type\":\"OpeningHoursSpecification\",\"dayOfWeek\":[\"Monday\",\"Tuesday\",\"Wednesday\",\"Thursday\",\"Friday\",\"Saturday\",\"Sunday\"],\"opens\":\"09:00\",\"closes\":\"17:00\"}]},{\"@type\":\"ImageObject\",\"inLanguage\":\"hu\",\"@id\":\"https:\\\/\\\/baitwood.com\\\/hu\\\/blogs\\\/mi-az-a-kereskedelmi-retegelt-lemez-es-hasznalhato-kulteri-projektekhez\\\/#local-main-organization-logo\",\"url\":\"https:\\\/\\\/files.baitcdn.com\\\/baitwood\\\/wp-content\\\/uploads\\\/2026\\\/01\\\/web-logo.webp\",\"contentUrl\":\"https:\\\/\\\/files.baitcdn.com\\\/baitwood\\\/wp-content\\\/uploads\\\/2026\\\/01\\\/web-logo.webp\",\"width\":712,\"height\":144,\"caption\":\"baitwood\"}]}<\/script>\n<!-- \/ Yoast SEO Premium plugin. -->","yoast_head_json":{"title":"Haszn\u00e1lhat\u00f3-e kereskedelmi r\u00e9tegelt lemez k\u00fclt\u00e9ren? Teljes k\u00f6r\u0171 \u00fatmutat\u00f3 - Linyi Bait Wood Industry Co. Ltd","description":"Ismerje meg, hogy a r\u00e9tegelt lemez haszn\u00e1lhat\u00f3-e k\u00fclt\u00e9ren, milyen a v\u00edz\u00e1ll\u00f3s\u00e1ga, a korl\u00e1tai \u00e9s a legjobb alternat\u00edv\u00e1k.","robots":{"index":"index","follow":"follow","max-snippet":"max-snippet:-1","max-image-preview":"max-image-preview:large","max-video-preview":"max-video-preview:-1"},"canonical":"https:\/\/baitwood.com\/hu\/blogs\/mi-az-a-kereskedelmi-retegelt-lemez-es-hasznalhato-kulteri-projektekhez\/","og_locale":"hu_HU","og_type":"article","og_title":"Mi az a kereskedelmi r\u00e9tegelt lemez, \u00e9s haszn\u00e1lhat\u00f3 k\u00fclt\u00e9ri projektekhez?","og_description":"Ismerje meg, hogy a r\u00e9tegelt lemez haszn\u00e1lhat\u00f3-e k\u00fclt\u00e9ren, milyen a v\u00edz\u00e1ll\u00f3s\u00e1ga, a korl\u00e1tai \u00e9s a legjobb alternat\u00edv\u00e1k.","og_url":"https:\/\/baitwood.com\/hu\/blogs\/mi-az-a-kereskedelmi-retegelt-lemez-es-hasznalhato-kulteri-projektekhez\/","og_site_name":"Linyi Bait Wood Industry Co. Ltd","article_modified_time":"2026-07-06T07:26:44+00:00","og_image":[{"width":1200,"height":500,"url":"https:\/\/files.baitcdn.com\/baitwood\/wp-content\/uploads\/2026\/07\/commercial-plywood-outdoor-projects.webp","type":"image\/webp"}],"twitter_card":"summary_large_image","twitter_misc":{"Becs\u00fclt olvas\u00e1si id\u0151":"8 perc"},"schema":{"@context":"https:\/\/schema.org","@graph":[{"@type":"WebPage","@id":"https:\/\/baitwood.com\/hu\/blogs\/mi-az-a-kereskedelmi-retegelt-lemez-es-hasznalhato-kulteri-projektekhez\/","url":"https:\/\/baitwood.com\/hu\/blogs\/mi-az-a-kereskedelmi-retegelt-lemez-es-hasznalhato-kulteri-projektekhez\/","name":"Haszn\u00e1lhat\u00f3-e kereskedelmi r\u00e9tegelt lemez k\u00fclt\u00e9ren? Teljes k\u00f6r\u0171 \u00fatmutat\u00f3 - Linyi Bait Wood Industry Co. Ltd","isPartOf":{"@id":"https:\/\/baitwood.com\/hu\/#website"},"primaryImageOfPage":{"@id":"https:\/\/baitwood.com\/hu\/blogs\/mi-az-a-kereskedelmi-retegelt-lemez-es-hasznalhato-kulteri-projektekhez\/#primaryimage"},"image":{"@id":"https:\/\/baitwood.com\/hu\/blogs\/mi-az-a-kereskedelmi-retegelt-lemez-es-hasznalhato-kulteri-projektekhez\/#primaryimage"},"thumbnailUrl":"https:\/\/files.baitcdn.com\/baitwood\/wp-content\/uploads\/2026\/07\/commercial-plywood-outdoor-projects.webp","datePublished":"2026-07-06T07:26:38+00:00","dateModified":"2026-07-06T07:26:44+00:00","description":"Ismerje meg, hogy a r\u00e9tegelt lemez haszn\u00e1lhat\u00f3-e k\u00fclt\u00e9ren, milyen a v\u00edz\u00e1ll\u00f3s\u00e1ga, a korl\u00e1tai \u00e9s a legjobb alternat\u00edv\u00e1k.","breadcrumb":{"@id":"https:\/\/baitwood.com\/hu\/blogs\/mi-az-a-kereskedelmi-retegelt-lemez-es-hasznalhato-kulteri-projektekhez\/#breadcrumb"},"inLanguage":"hu","potentialAction":[{"@type":"ReadAction","target":["https:\/\/baitwood.com\/hu\/blogs\/mi-az-a-kereskedelmi-retegelt-lemez-es-hasznalhato-kulteri-projektekhez\/"]}]},{"@type":"ImageObject","inLanguage":"hu","@id":"https:\/\/baitwood.com\/hu\/blogs\/mi-az-a-kereskedelmi-retegelt-lemez-es-hasznalhato-kulteri-projektekhez\/#primaryimage","url":"https:\/\/files.baitcdn.com\/baitwood\/wp-content\/uploads\/2026\/07\/commercial-plywood-outdoor-projects.webp","contentUrl":"https:\/\/files.baitcdn.com\/baitwood\/wp-content\/uploads\/2026\/07\/commercial-plywood-outdoor-projects.webp","width":1200,"height":500,"caption":"Kereskedelmi r\u00e9tegelt lemez felhaszn\u00e1l\u00e1si \u00fatmutat\u00f3 belt\u00e9ri \u00e9s korl\u00e1tozott k\u00fclt\u00e9ri alkalmaz\u00e1sokhoz."},{"@type":"BreadcrumbList","@id":"https:\/\/baitwood.com\/hu\/blogs\/mi-az-a-kereskedelmi-retegelt-lemez-es-hasznalhato-kulteri-projektekhez\/#breadcrumb","itemListElement":[{"@type":"ListItem","position":1,"name":"Home","item":"https:\/\/baitwood.com\/hu\/kezdolap\/"},{"@type":"ListItem","position":2,"name":"Mi az a kereskedelmi r\u00e9tegelt lemez, \u00e9s haszn\u00e1lhat\u00f3 k\u00fclt\u00e9ri projektekhez?"}]},{"@type":"WebSite","@id":"https:\/\/baitwood.com\/hu\/#website","url":"https:\/\/baitwood.com\/hu\/","name":"baitwood","description":"Linyi Bait Wood Industry Co. Ltd","publisher":{"@id":"https:\/\/baitwood.com\/hu\/#organization"},"potentialAction":[{"@type":"SearchAction","target":{"@type":"EntryPoint","urlTemplate":"https:\/\/baitwood.com\/hu\/?s={search_term_string}"},"query-input":{"@type":"PropertyValueSpecification","valueRequired":true,"valueName":"search_term_string"}}],"inLanguage":"hu"},{"@type":["Organization","Place"],"@id":"https:\/\/baitwood.com\/hu\/#organization","name":"baitwood","url":"https:\/\/baitwood.com\/hu\/","logo":{"@id":"https:\/\/baitwood.com\/hu\/blogs\/mi-az-a-kereskedelmi-retegelt-lemez-es-hasznalhato-kulteri-projektekhez\/#local-main-organization-logo"},"image":{"@id":"https:\/\/baitwood.com\/hu\/blogs\/mi-az-a-kereskedelmi-retegelt-lemez-es-hasznalhato-kulteri-projektekhez\/#local-main-organization-logo"},"telephone":[],"openingHoursSpecification":[{"@type":"OpeningHoursSpecification","dayOfWeek":["Monday","Tuesday","Wednesday","Thursday","Friday","Saturday","Sunday"],"opens":"09:00","closes":"17:00"}]},{"@type":"ImageObject","inLanguage":"hu","@id":"https:\/\/baitwood.com\/hu\/blogs\/mi-az-a-kereskedelmi-retegelt-lemez-es-hasznalhato-kulteri-projektekhez\/#local-main-organization-logo","url":"https:\/\/files.baitcdn.com\/baitwood\/wp-content\/uploads\/2026\/01\/web-logo.webp","contentUrl":"https:\/\/files.baitcdn.com\/baitwood\/wp-content\/uploads\/2026\/01\/web-logo.webp","width":712,"height":144,"caption":"baitwood"}]}},"_links":{"self":[{"href":"https:\/\/baitwood.com\/hu\/wp-json\/wp\/v2\/latest-news\/26135","targetHints":{"allow":["GET"]}}],"collection":[{"href":"https:\/\/baitwood.com\/hu\/wp-json\/wp\/v2\/latest-news"}],"about":[{"href":"https:\/\/baitwood.com\/hu\/wp-json\/wp\/v2\/types\/latest-news"}],"wp:featuredmedia":[{"embeddable":true,"href":"https:\/\/baitwood.com\/hu\/wp-json\/wp\/v2\/media\/26084"}],"wp:attachment":[{"href":"https:\/\/baitwood.com\/hu\/wp-json\/wp\/v2\/media?parent=26135"}],"curies":[{"name":"wp","href":"https:\/\/api.w.org\/{rel}","templated":true}]}}