{"id":26225,"date":"2026-07-09T09:46:24","date_gmt":"2026-07-09T09:46:24","guid":{"rendered":"https:\/\/baitwood.com\/?post_type=latest-news&#038;p=26225"},"modified":"2026-07-09T09:46:30","modified_gmt":"2026-07-09T09:46:30","slug":"kereskedelmi-retegelt-lemez-vs-butor-retegelt-lemez-teljes-koru-osszehasonlitas","status":"publish","type":"latest-news","link":"https:\/\/baitwood.com\/hu\/blogs\/kereskedelmi-retegelt-lemez-vs-butor-retegelt-lemez-teljes-koru-osszehasonlitas\/","title":{"rendered":"Kereskedelmi r\u00e9tegelt lemez vs. b\u00fator r\u00e9tegelt lemez: Teljes k\u00f6r\u0171 \u00f6sszehasonl\u00edt\u00e1s"},"content":{"rendered":"<div style=\"font-family: Arial, sans-serif; line-height: 1.7; color: #333; margin: 0 auto;\">\n<div style=\"margin-bottom: 22px; font-size: 16px;\"> Amikor r\u00e9tegelt lemezt v\u00e1lasztanak \u00e9p\u00edt\u0151iparhoz vagy b\u00fatorgy\u00e1rt\u00e1shoz, sok v\u00e1s\u00e1rl\u00f3t \u00f6sszezavarnak az <a href=\"https:\/\/baitwood.com\/hu\/termekkategoria\/retegelt-lemez\/kereskedelmi-retegelt-lemez\/\"><strong>ipari r\u00e9tegelt lemez<\/strong><\/a> \u00e9s <a href=\"https:\/\/baitwood.com\/hu\/termekkategoria\/retegelt-lemez\/butor-retegelt-lemez\/\"><strong>a b\u00fatoripari r\u00e9tegelt lemez<\/strong><\/a> kifejez\u00e9sek. B\u00e1r hasonl\u00f3nak t\u0171nhetnek, k\u00fcl\u00f6nb\u00f6z\u0151 c\u00e9lokra tervezt\u00e9k \u0151ket, \u00e9s anyagukban, tart\u00f3ss\u00e1gukban, fel\u00fcleti min\u0151s\u00e9g\u00fckben \u00e9s k\u00f6lts\u00e9g\u00fckben jelent\u0151s k\u00fcl\u00f6nbs\u00e9gek vannak.<\/div>\n<div style=\"margin-bottom: 30px; font-size: 16px;\"> Ezen k\u00fcl\u00f6nbs\u00e9gek meg\u00e9rt\u00e9se seg\u00edt kiv\u00e1lasztani a projekthez megfelel\u0151 r\u00e9tegelt lemezt, mik\u00f6zben elker\u00fcli a felesleges k\u00f6lts\u00e9geket vagy a teljes\u00edtm\u00e9nyprobl\u00e9m\u00e1kat.<\/div>\n<div style=\"margin-bottom: 22px; font-size: 16px;\"> Ebben az \u00fatmutat\u00f3ban r\u00e9szletesen \u00f6sszehasonl\u00edtjuk az ipari r\u00e9tegelt lemezt \u00e9s a b\u00fatoripari r\u00e9tegelt lemezt, bele\u00e9rtve azok tulajdons\u00e1gait, alkalmaz\u00e1sait, el\u0151nyeit, h\u00e1tr\u00e1nyait \u00e9s a legjobb opci\u00f3 kiv\u00e1laszt\u00e1s\u00e1nak m\u00f3dj\u00e1t. <\/div>\n<hr style=\"border: 0; height: 1px; background-color: #eee; margin: 40px 0;\" \/>\n<h2 style=\"font-family: Arial, sans-serif; font-size: 22px; font-weight: 600; color: #222; margin: 40px 0 16px 0;\"> Mi az a kereskedelmi r\u00e9tegelt lemez? <\/h2>\n<p style=\"font-family: Arial, sans-serif; font-size: 16px; margin: 0 0 20px 0; line-height: 1.7;\"> Az ipari r\u00e9tegelt lemez egy \u00e1ltal\u00e1nos c\u00e9l\u00fa r\u00e9tegelt lemez, amelyet sz\u00e9les k\u00f6rben haszn\u00e1lnak bels\u0151\u00e9p\u00edt\u00e9szetben \u00e9s k\u00f6nny\u0171szerkezetes alkalmaz\u00e1sokban. T\u00f6bb r\u00e9teg fa furn\u00e9r \u00f6sszeragaszt\u00e1s\u00e1val \u00e1ll\u00edtj\u00e1k el\u0151 <strong>MR (nedvess\u00e9g\u00e1ll\u00f3)<\/strong> ragaszt\u00f3val vagy hasonl\u00f3 belt\u00e9ri ragaszt\u00f3kkal. <\/p>\n<p style=\"font-family: Arial, sans-serif; font-size: 16px; margin: 0 0 20px 0; line-height: 1.7;\"> Az ipari r\u00e9tegelt lemezt sz\u00e1raz belt\u00e9ri k\u00f6rnyezetbe tervezt\u00e9k, ahol az alkalmi p\u00e1ratartalom elfogadhat\u00f3, de a hosszan tart\u00f3 v\u00edznek val\u00f3 kitetts\u00e9g nem. <\/p>\n<h3 style=\"font-family: Arial, sans-serif; font-size: 19px; font-weight: 600; color: #222; margin: 30px 0 12px 0;\"> K\u00f6z\u00f6s jellemz\u0151k <\/h3>\n<ul style=\"font-family: Arial, sans-serif; font-size: 16px; line-height: 1.8; margin: 0 0 24px 0; padding-left: 22px;\">\n<li style=\"margin-bottom: 8px;\"> K\u00f6lts\u00e9ghat\u00e9kony<\/li>\n<li style=\"margin-bottom: 8px;\"> K\u00f6nny\u0171s\u00faly\u00fa<\/li>\n<li style=\"margin-bottom: 8px;\"> K\u00f6nnyen v\u00e1ghat\u00f3 \u00e9s feldolgozhat\u00f3<\/li>\n<li style=\"margin-bottom: 8px;\"> J\u00f3 m\u00e9retstabilit\u00e1s<\/li>\n<li style=\"margin-bottom: 8px;\"> Belt\u00e9ri alkalmaz\u00e1sokhoz alkalmas<\/li>\n<li style=\"margin-bottom: 8px;\"> T\u00f6bb vastags\u00e1gban kaphat\u00f3 <\/li>\n<\/ul>\n<p style=\"font-family: Arial, sans-serif; font-size: 16px; margin: 0 0 12px 0; line-height: 1.7;\"> Tipikus vastags\u00e1gok a k\u00f6vetkez\u0151k: <\/p>\n<ul style=\"font-family: Arial, sans-serif; font-size: 16px; line-height: 1.8; margin: 0 0 24px 0; padding-left: 22px;\">\n<li style=\"margin-bottom: 8px;\"> 6 mm<\/li>\n<li style=\"margin-bottom: 8px;\"> 9 mm<\/li>\n<li style=\"margin-bottom: 8px;\"> 12 mm<\/li>\n<li style=\"margin-bottom: 8px;\"> 15 mm<\/li>\n<li style=\"margin-bottom: 8px;\"> 18 mm<\/li>\n<li style=\"margin-bottom: 8px;\"> 25 mm<\/li>\n<\/ul>\n<div style=\"margin-bottom: 20px; font-size: 16px;\"> Tudjon meg t\u00f6bbet a kereskedelmi r\u00e9tegelt lemezr\u0151l \u2192 <a href=\"https:\/\/baitwood.com\/blogs\/commercial-plywood-outdoor-use\/\">Mi az a kereskedelmi r\u00e9tegelt lemez?<\/a> <\/div>\n<hr style=\"border: 0; height: 1px; background-color: #eee; margin: 40px 0;\" \/>\n<h2 style=\"font-family: Arial, sans-serif; font-size: 22px; font-weight: 600; color: #222; margin: 40px 0 16px 0;\"> Mi a b\u00fator r\u00e9tegelt lemez? <\/h2>\n<p style=\"font-family: Arial, sans-serif; font-size: 16px; margin: 0 0 20px 0; line-height: 1.7;\"> <a href=\"https:\/\/baitwood.com\/hu\/termekkategoria\/retegelt-lemez\/butor-retegelt-lemez\/\">A b\u00fator r\u00e9tegelt lemezt<\/a> kifejezetten kiv\u00e1l\u00f3 min\u0151s\u00e9g\u0171 b\u00fatorok k\u00e9sz\u00edt\u00e9s\u00e9re gy\u00e1rtj\u00e1k. A hagyom\u00e1nyos kereskedelmi r\u00e9tegelt lemezhez k\u00e9pest \u00e1ltal\u00e1ban a k\u00f6vetkez\u0151 tulajdons\u00e1gokkal rendelkezik: <\/p>\n<ul style=\"font-family: Arial, sans-serif; font-size: 16px; line-height: 1.8; margin: 0 0 24px 0; padding-left: 22px;\">\n<li style=\"margin-bottom: 8px;\"> Jobb arch\u00e9jak<\/li>\n<li style=\"margin-bottom: 8px;\"> Egyenletesebb magszerkezet<\/li>\n<li style=\"margin-bottom: 8px;\"> Nagyobb szil\u00e1rds\u00e1g<\/li>\n<li style=\"margin-bottom: 8px;\"> Jav\u00edtott csavartart\u00f3 k\u00e9pess\u00e9g<\/li>\n<li style=\"margin-bottom: 8px;\"> Jobb fel\u00fcleti s\u00edks\u00e1g<\/li>\n<li style=\"margin-bottom: 8px;\"> Als\u00f3 bels\u0151 \u00fcregek <\/li>\n<\/ul>\n<p style=\"font-family: Arial, sans-serif; font-size: 16px; margin: 0 0 20px 0; line-height: 1.7;\"> A b\u00fator r\u00e9tegelt lemez ny\u00e1rfa, eukaliptusz, ny\u00edrfa, kem\u00e9nyfa vagy vegyes kem\u00e9nyfa magb\u00f3l k\u00e9sz\u00fclhet, a k\u00edv\u00e1nt min\u0151s\u00e9gt\u0151l f\u00fcgg\u0151en. <\/p>\n<p style=\"font-family: Arial, sans-serif; font-size: 16px; margin: 0 0 20px 0; line-height: 1.7;\"> Sok b\u00fatoripari min\u0151s\u00e9g\u0171 r\u00e9tegelt lemez megfelel <strong>az E0<\/strong> , <strong>E1<\/strong> vagy <strong>CARB<\/strong> formaldehid-kibocs\u00e1t\u00e1si szabv\u00e1nyoknak is, \u00edgy alkalmasak belt\u00e9ri b\u00fatorokhoz. <\/p>\n<hr style=\"border: 0; height: 1px; background-color: #eee; margin: 40px 0;\" \/>\n<h2 style=\"font-family: Arial, sans-serif; font-size: 22px; font-weight: 600; color: #222; margin: 40px 0 16px 0;\"> Kereskedelmi r\u00e9tegelt lemez vs. b\u00fator r\u00e9tegelt lemez <\/h2>\n<div style=\"margin: 24px 0;\">\n<table style=\"width: 100%; border-collapse: collapse; font-family: Arial, sans-serif; font-size: 15px;\">\n<thead>\n<tr style=\"background-color: #f5f5f5;\">\n<th style=\"padding: 12px 14px; border: 1px solid #ddd; font-weight: 600;\" align=\"left\"> Jellemz\u0151<\/th>\n<th style=\"padding: 12px 14px; border: 1px solid #ddd; font-weight: 600;\" align=\"left\"> Kereskedelmi r\u00e9tegelt lemez<\/th>\n<th style=\"padding: 12px 14px; border: 1px solid #ddd; font-weight: 600;\" align=\"left\"> B\u00fator r\u00e9tegelt lemez<\/th>\n<\/tr>\n<\/thead>\n<tbody>\n<tr>\n<td style=\"padding: 10px 14px; border: 1px solid #ddd;\" align=\"left\"> <strong>Els\u0151dleges c\u00e9l<\/strong><\/td>\n<td style=\"padding: 10px 14px; border: 1px solid #ddd;\" align=\"left\"> Bels\u0151\u00e9p\u00edt\u00e9szet<\/td>\n<td style=\"padding: 10px 14px; border: 1px solid #ddd;\" align=\"left\"> B\u00fatorgy\u00e1rt\u00e1s <\/td>\n<\/tr>\n<tr style=\"background-color: #fafafa;\">\n<td style=\"padding: 10px 14px; border: 1px solid #ddd;\" align=\"left\"> <strong>Fel\u00fcleti min\u0151s\u00e9g<\/strong><\/td>\n<td style=\"padding: 10px 14px; border: 1px solid #ddd;\" align=\"left\"> Standard<\/td>\n<td style=\"padding: 10px 14px; border: 1px solid #ddd;\" align=\"left\"> Sima \u00e9s dekorat\u00edv<\/td>\n<\/tr>\n<tr>\n<td style=\"padding: 10px 14px; border: 1px solid #ddd;\" align=\"left\"> <strong>Alapvet\u0151 min\u0151s\u00e9g<\/strong><\/td>\n<td style=\"padding: 10px 14px; border: 1px solid #ddd;\" align=\"left\"> Standard<\/td>\n<td style=\"padding: 10px 14px; border: 1px solid #ddd;\" align=\"left\"> Egyenletesebb, kevesebb \u00fcreggel <\/td>\n<\/tr>\n<tr style=\"background-color: #fafafa;\">\n<td style=\"padding: 10px 14px; border: 1px solid #ddd;\" align=\"left\"> <strong>Er\u0151<\/strong><\/td>\n<td style=\"padding: 10px 14px; border: 1px solid #ddd;\" align=\"left\"> K\u00f6zepes<\/td>\n<td style=\"padding: 10px 14px; border: 1px solid #ddd;\" align=\"left\"> Magasabb<\/td>\n<\/tr>\n<tr>\n<td style=\"padding: 10px 14px; border: 1px solid #ddd;\" align=\"left\"> <strong>Csavaros tart\u00e1s<\/strong><\/td>\n<td style=\"padding: 10px 14px; border: 1px solid #ddd;\" align=\"left\"> J\u00f3<\/td>\n<td style=\"padding: 10px 14px; border: 1px solid #ddd;\" align=\"left\"> Kiv\u00e1l\u00f3 <\/td>\n<\/tr>\n<tr style=\"background-color: #fafafa;\">\n<td style=\"padding: 10px 14px; border: 1px solid #ddd;\" align=\"left\"> <strong>Nedvess\u00e9g\u00e1ll\u00f3s\u00e1g<\/strong><\/td>\n<td style=\"padding: 10px 14px; border: 1px solid #ddd;\" align=\"left\"> MR fokozat<\/td>\n<td style=\"padding: 10px 14px; border: 1px solid #ddd;\" align=\"left\"> MR vagy magasabb, a specifik\u00e1ci\u00f3t\u00f3l f\u00fcgg\u0151en<\/td>\n<\/tr>\n<tr>\n<td style=\"padding: 10px 14px; border: 1px solid #ddd;\" align=\"left\"> <strong>M\u00e9retstabilit\u00e1s<\/strong><\/td>\n<td style=\"padding: 10px 14px; border: 1px solid #ddd;\" align=\"left\"> J\u00f3<\/td>\n<td style=\"padding: 10px 14px; border: 1px solid #ddd;\" align=\"left\"> Kiv\u00e1l\u00f3 <\/td>\n<\/tr>\n<tr style=\"background-color: #fafafa;\">\n<td style=\"padding: 10px 14px; border: 1px solid #ddd;\" align=\"left\"> <strong>Befejez\u0151 teljes\u00edtm\u00e9ny<\/strong><\/td>\n<td style=\"padding: 10px 14px; border: 1px solid #ddd;\" align=\"left\"> J\u00f3<\/td>\n<td style=\"padding: 10px 14px; border: 1px solid #ddd;\" align=\"left\"> Kiv\u00e1l\u00f3<\/td>\n<\/tr>\n<tr>\n<td style=\"padding: 10px 14px; border: 1px solid #ddd;\" align=\"left\"> <strong>K\u00f6lts\u00e9g<\/strong><\/td>\n<td style=\"padding: 10px 14px; border: 1px solid #ddd;\" align=\"left\"> Alacsonyabb<\/td>\n<td style=\"padding: 10px 14px; border: 1px solid #ddd;\" align=\"left\"> Magasabb <\/td>\n<\/tr>\n<tr style=\"background-color: #fafafa;\">\n<td style=\"padding: 10px 14px; border: 1px solid #ddd;\" align=\"left\"> <strong>Tipikus \u00e9lettartam<\/strong><\/td>\n<td style=\"padding: 10px 14px; border: 1px solid #ddd;\" align=\"left\"> K\u00f6zepes<\/td>\n<td style=\"padding: 10px 14px; border: 1px solid #ddd;\" align=\"left\"> Hosszabb <\/td>\n<\/tr>\n<\/tbody>\n<\/table>\n<\/div>\n<hr style=\"border: 0; height: 1px; background-color: #eee; margin: 40px 0;\" \/>\n<h2 style=\"font-family: Arial, sans-serif; font-size: 22px; font-weight: 600; color: #222; margin: 40px 0 16px 0;\"> Nyersanyagok \u00f6sszehasonl\u00edt\u00e1sa <\/h2>\n<p style=\"font-family: Arial, sans-serif; font-size: 16px; margin: 0 0 20px 0; line-height: 1.7;\"> A r\u00e9tegelt lemez min\u0151s\u00e9ge nagym\u00e9rt\u00e9kben f\u00fcgg a gy\u00e1rt\u00e1s sor\u00e1n felhaszn\u00e1lt anyagokt\u00f3l. <\/p>\n<h3 style=\"font-family: Arial, sans-serif; font-size: 19px; font-weight: 600; color: #222; margin: 30px 0 12px 0;\"> Kereskedelmi r\u00e9tegelt lemez <\/h3>\n<ul style=\"font-family: Arial, sans-serif; font-size: 16px; line-height: 1.8; margin: 0 0 24px 0; padding-left: 22px;\">\n<li style=\"margin-bottom: 8px;\"> Ny\u00e1rfa mag<\/li>\n<li style=\"margin-bottom: 8px;\"> Vegyes kem\u00e9nyfa mag<\/li>\n<li style=\"margin-bottom: 8px;\"> Kombin\u00e1lt mag <\/li>\n<\/ul>\n<p style=\"font-family: Arial, sans-serif; font-size: 16px; margin: 0 0 20px 0; line-height: 1.7;\"> A fel\u00fcletkezel\u00e9st els\u0151sorban a funkcionalit\u00e1s, nem pedig a megjelen\u00e9s alapj\u00e1n v\u00e1lasztj\u00e1k ki. <\/p>\n<h3 style=\"font-family: Arial, sans-serif; font-size: 19px; font-weight: 600; color: #222; margin: 30px 0 12px 0;\"> B\u00fator r\u00e9tegelt lemez <\/h3>\n<ul style=\"font-family: Arial, sans-serif; font-size: 16px; line-height: 1.8; margin: 0 0 24px 0; padding-left: 22px;\">\n<li style=\"margin-bottom: 8px;\"> Teljes ny\u00e1rfa mag<\/li>\n<li style=\"margin-bottom: 8px;\"> Ny\u00edrfa mag<\/li>\n<li style=\"margin-bottom: 8px;\"> Kem\u00e9nyfa mag<\/li>\n<li style=\"margin-bottom: 8px;\"> Eukaliptusz mag <\/li>\n<\/ul>\n<p style=\"font-family: Arial, sans-serif; font-size: 16px; margin: 0 0 20px 0; line-height: 1.7;\"> A magasabb min\u0151s\u00e9g\u0171 furn\u00e9rok sima fel\u00fcletet biztos\u00edtanak furn\u00e9rral, lamin\u00e1lt anyaggal, melaminpap\u00edrral, fest\u00e9kkel vagy fa furn\u00e9rral. <\/p>\n<hr style=\"border: 0; height: 1px; background-color: #eee; margin: 40px 0;\" \/>\n<h2 style=\"font-family: Arial, sans-serif; font-size: 22px; font-weight: 600; color: #222; margin: 40px 0 16px 0;\"> Fel\u00fcleti min\u0151s\u00e9g \u00f6sszehasonl\u00edt\u00e1sa <\/h2>\n<p style=\"font-family: Arial, sans-serif; font-size: 16px; margin: 0 0 20px 0; line-height: 1.7;\"> A fel\u00fclet megjelen\u00e9se az egyik legnagyobb k\u00fcl\u00f6nbs\u00e9g. <\/p>\n<h3 style=\"font-family: Arial, sans-serif; font-size: 19px; font-weight: 600; color: #222; margin: 30px 0 12px 0;\"> Kereskedelmi r\u00e9tegelt lemez <\/h3>\n<ul style=\"font-family: Arial, sans-serif; font-size: 16px; line-height: 1.8; margin: 0 0 24px 0; padding-left: 22px;\">\n<li style=\"margin-bottom: 8px;\"> Kisebb foltok<\/li>\n<li style=\"margin-bottom: 8px;\"> Term\u00e9szetes sz\u00ednv\u00e1ltoz\u00e1s<\/li>\n<li style=\"margin-bottom: 8px;\"> Kisebb jav\u00edt\u00e1sok<\/li>\n<li style=\"margin-bottom: 8px;\"> L\u00e1that\u00f3 szemcsem\u00e9ret-egyenetlens\u00e9gek <\/li>\n<\/ul>\n<p style=\"font-family: Arial, sans-serif; font-size: 16px; margin: 0 0 20px 0; line-height: 1.7;\"> Alkalmas olyan ter\u00fcletekre, amelyek rejtve vagy fedve lesznek. <\/p>\n<h3 style=\"font-family: Arial, sans-serif; font-size: 19px; font-weight: 600; color: #222; margin: 30px 0 12px 0;\"> B\u00fator r\u00e9tegelt lemez <\/h3>\n<ul style=\"font-family: Arial, sans-serif; font-size: 16px; line-height: 1.8; margin: 0 0 24px 0; padding-left: 22px;\">\n<li style=\"margin-bottom: 8px;\"> Sima csiszol\u00e1s<\/li>\n<li style=\"margin-bottom: 8px;\"> Egyenletes sz\u00edn<\/li>\n<li style=\"margin-bottom: 8px;\"> Kevesebb jav\u00edt\u00e1s<\/li>\n<li style=\"margin-bottom: 8px;\"> Jobb furn\u00e9rilleszt\u00e9s<\/li>\n<li style=\"margin-bottom: 8px;\"> Kiv\u00e1l\u00f3 fest\u00e9si eredm\u00e9nyek <\/li>\n<\/ul>\n<p style=\"font-family: Arial, sans-serif; font-size: 16px; margin: 0 0 20px 0; line-height: 1.7;\"> Ez\u00e1ltal ide\u00e1lis a l\u00e1that\u00f3 b\u00fatorfel\u00fcletekhez. <\/p>\n<hr style=\"border: 0; height: 1px; background-color: #eee; margin: 40px 0;\" \/>\n<h2 style=\"font-family: Arial, sans-serif; font-size: 22px; font-weight: 600; color: #222; margin: 40px 0 16px 0;\"> Er\u0151 \u00e9s tart\u00f3ss\u00e1g <\/h2>\n<p style=\"font-family: Arial, sans-serif; font-size: 16px; margin: 0 0 20px 0; line-height: 1.7;\"> A r\u00e9tegelt lemez \u00e1ltal\u00e1ban jobb mechanikai tulajdons\u00e1gokkal rendelkezik, mivel a gy\u00e1rt\u00f3k nagyobb figyelmet ford\u00edtanak a k\u00f6vetkez\u0151kre: <\/p>\n<ul style=\"font-family: Arial, sans-serif; font-size: 16px; line-height: 1.8; margin: 0 0 24px 0; padding-left: 22px;\">\n<li style=\"margin-bottom: 8px;\"> Furn\u00e9r oszt\u00e1lyoz\u00e1s<\/li>\n<li style=\"margin-bottom: 8px;\"> Mag \u00f6sszeszerel\u00e9s<\/li>\n<li style=\"margin-bottom: 8px;\"> Meleg pr\u00e9sel\u00e9si min\u0151s\u00e9g<\/li>\n<li style=\"margin-bottom: 8px;\"> Ragaszt\u00f3 eloszl\u00e1sa <\/li>\n<\/ul>\n<p style=\"font-family: Arial, sans-serif; font-size: 16px; margin: 0 0 20px 0; line-height: 1.7;\"> Ennek eredm\u00e9nyek\u00e9nt a b\u00fator r\u00e9tegelt lemez \u00e1ltal\u00e1ban a k\u00f6vetkez\u0151ket biztos\u00edtja: <\/p>\n<ul style=\"font-family: Arial, sans-serif; font-size: 16px; line-height: 1.8; margin: 0 0 24px 0; padding-left: 22px;\">\n<li style=\"margin-bottom: 8px;\"> Jobb teherb\u00edr\u00e1s<\/li>\n<li style=\"margin-bottom: 8px;\"> Nagyobb hajl\u00edt\u00f3szil\u00e1rds\u00e1g<\/li>\n<li style=\"margin-bottom: 8px;\"> Fokozott \u00fct\u00e9s\u00e1ll\u00f3s\u00e1g<\/li>\n<li style=\"margin-bottom: 8px;\"> Hosszabb \u00e9lettartam <\/li>\n<\/ul>\n<p style=\"font-family: Arial, sans-serif; font-size: 16px; margin: 0 0 20px 0; line-height: 1.7;\"> Az ipari r\u00e9tegelt lemez tov\u00e1bbra is j\u00f3l teljes\u00edt v\u00e1laszfalakhoz, mennyezetekhez, csomagol\u00e1shoz \u00e9s \u00e1ltal\u00e1nos asztalosmunk\u00e1khoz. <\/p>\n<hr style=\"border: 0; height: 1px; background-color: #eee; margin: 40px 0;\" \/>\n<h2 style=\"font-family: Arial, sans-serif; font-size: 22px; font-weight: 600; color: #222; margin: 40px 0 16px 0;\"> Nedvess\u00e9g\u00e1ll\u00f3s\u00e1g <\/h2>\n<p style=\"font-family: Arial, sans-serif; font-size: 16px; margin: 0 0 20px 0; line-height: 1.7;\"> Mindk\u00e9t term\u00e9k k\u00fcl\u00f6nb\u00f6z\u0151 ragaszt\u00f3min\u0151s\u00e9gekben kaphat\u00f3. <\/p>\n<p style=\"font-family: Arial, sans-serif; font-size: 16px; margin: 0 0 12px 0; line-height: 1.7;\"> Kereskedelmi r\u00e9tegelt lemez \u00e1ltal\u00e1ban a k\u00f6vetkez\u0151ket haszn\u00e1lja: <\/p>\n<ul style=\"font-family: Arial, sans-serif; font-size: 16px; line-height: 1.8; margin: 0 0 24px 0; padding-left: 22px;\">\n<li style=\"margin-bottom: 8px;\"> MR ragaszt\u00f3 <\/li>\n<\/ul>\n<p style=\"font-family: Arial, sans-serif; font-size: 16px; margin: 0 0 12px 0; line-height: 1.7;\"> B\u00fator r\u00e9tegelt lemez felhaszn\u00e1lhat\u00f3: <\/p>\n<ul style=\"font-family: Arial, sans-serif; font-size: 16px; line-height: 1.8; margin: 0 0 24px 0; padding-left: 22px;\">\n<li style=\"margin-bottom: 8px;\"> MR ragaszt\u00f3<\/li>\n<li style=\"margin-bottom: 8px;\"> Melamin ragaszt\u00f3<\/li>\n<li style=\"margin-bottom: 8px;\"> WBP ragaszt\u00f3 (nedvess\u00e9g\u00e1ll\u00f3 b\u00fatorokhoz) <\/li>\n<\/ul>\n<p style=\"font-family: Arial, sans-serif; font-size: 16px; margin: 0 0 20px 0; line-height: 1.7;\"> Ha a b\u00fatorokat konyh\u00e1ba, f\u00fcrd\u0151szob\u00e1ba vagy p\u00e1r\u00e1s \u00e9ghajlaton helyezik el, \u00e1ltal\u00e1ban nedvess\u00e9g\u00e1ll\u00f3 r\u00e9tegelt lemezt aj\u00e1nlunk. <\/p>\n<hr style=\"border: 0; height: 1px; background-color: #eee; margin: 40px 0;\" \/>\n<h2 style=\"font-family: Arial, sans-serif; font-size: 22px; font-weight: 600; color: #222; margin: 40px 0 16px 0;\"> Gyakori alkalmaz\u00e1sok <\/h2>\n<p><img fetchpriority=\"high\" decoding=\"async\" class=\"size-full wp-image-26173 aligncenter\" src=\"https:\/\/files.baitcdn.com\/baitwood\/wp-content\/uploads\/2026\/07\/commercial-plywood-furniture-plywood-uses.webp\" alt=\"Kereskedelmi r\u00e9tegelt lemez \u00e9s b\u00fatoripari r\u00e9tegelt lemez alkalmaz\u00e1sok \u00f6sszehasonl\u00edt\u00e1sa az \u00e9p\u00edt\u0151iparban, a b\u00fatortervez\u00e9sben \u00e9s a bels\u0151\u00e9p\u00edt\u00e9szetben.\" width=\"1200\" height=\"500\" srcset=\"https:\/\/files.baitcdn.com\/baitwood\/wp-content\/uploads\/2026\/07\/commercial-plywood-furniture-plywood-uses.webp 1200w, https:\/\/files.baitcdn.com\/baitwood\/wp-content\/uploads\/2026\/07\/commercial-plywood-furniture-plywood-uses-300x125.webp 300w, https:\/\/files.baitcdn.com\/baitwood\/wp-content\/uploads\/2026\/07\/commercial-plywood-furniture-plywood-uses-1024x427.webp 1024w, https:\/\/files.baitcdn.com\/baitwood\/wp-content\/uploads\/2026\/07\/commercial-plywood-furniture-plywood-uses-768x320.webp 768w, https:\/\/files.baitcdn.com\/baitwood\/wp-content\/uploads\/2026\/07\/commercial-plywood-furniture-plywood-uses-600x250.webp 600w\" sizes=\"(max-width: 1200px) 100vw, 1200px\" \/><\/p>\n<h3 style=\"font-family: Arial, sans-serif; font-size: 19px; font-weight: 600; color: #222; margin: 30px 0 12px 0;\"> Kereskedelmi r\u00e9tegelt lemez alkalmaz\u00e1sok <\/h3>\n<ul style=\"font-family: Arial, sans-serif; font-size: 16px; line-height: 1.8; margin: 0 0 24px 0; padding-left: 22px;\">\n<li style=\"margin-bottom: 8px;\"> Bels\u0151 falpanelek<\/li>\n<li style=\"margin-bottom: 8px;\"> Mennyezeti panelek<\/li>\n<li style=\"margin-bottom: 8px;\"> Irodai v\u00e1laszfalak<\/li>\n<li style=\"margin-bottom: 8px;\"> \u00dczletberendez\u00e9s<\/li>\n<li style=\"margin-bottom: 8px;\"> Csomagol\u00e1s<\/li>\n<li style=\"margin-bottom: 8px;\"> Ideiglenes \u00e9p\u00edtkez\u00e9s<\/li>\n<li style=\"margin-bottom: 8px;\"> Dekorat\u00edv h\u00e1tlapok <\/li>\n<\/ul>\n<hr style=\"border: 0; height: 1px; background-color: #eee; margin: 20px 0;\" \/>\n<h3 style=\"font-family: Arial, sans-serif; font-size: 19px; font-weight: 600; color: #222; margin: 30px 0 12px 0;\"> B\u00fator r\u00e9tegelt lemez alkalmaz\u00e1sok <\/h3>\n<ul style=\"font-family: Arial, sans-serif; font-size: 16px; line-height: 1.8; margin: 0 0 24px 0; padding-left: 22px;\">\n<li style=\"margin-bottom: 8px;\"> konyhaszekr\u00e9nyek<\/li>\n<li style=\"margin-bottom: 8px;\"> Gardr\u00f3bok<\/li>\n<li style=\"margin-bottom: 8px;\"> Irodab\u00fator<\/li>\n<li style=\"margin-bottom: 8px;\"> H\u00e1l\u00f3szobab\u00fator<\/li>\n<li style=\"margin-bottom: 8px;\"> TV-szekr\u00e9nyek<\/li>\n<li style=\"margin-bottom: 8px;\"> Polcrendszer<\/li>\n<li style=\"margin-bottom: 8px;\"> \u00c9tkez\u0151asztalok<\/li>\n<li style=\"margin-bottom: 8px;\"> K\u00f6nyvespolcok<\/li>\n<li style=\"margin-bottom: 8px;\"> Sz\u00e1llodai b\u00fatorok<\/li>\n<li style=\"margin-bottom: 8px;\"> Egyedi b\u00fatorok <\/li>\n<\/ul>\n<hr style=\"border: 0; height: 1px; background-color: #eee; margin: 40px 0;\" \/>\n<h2 style=\"font-family: Arial, sans-serif; font-size: 22px; font-weight: 600; color: #222; margin: 40px 0 16px 0;\"> K\u00f6lts\u00e9g-\u00f6sszehasonl\u00edt\u00e1s <\/h2>\n<p style=\"font-family: Arial, sans-serif; font-size: 16px; margin: 0 0 12px 0; line-height: 1.7;\"> <a href=\"https:\/\/baitwood.com\/hu\/termekkategoria\/retegelt-lemez\/kereskedelmi-retegelt-lemez\/\">Kereskedelmi r\u00e9tegelt lemez<\/a> \u00e1ltal\u00e1ban megfizethet\u0151bb, mert: <\/p>\n<ul style=\"font-family: Arial, sans-serif; font-size: 16px; line-height: 1.8; margin: 0 0 24px 0; padding-left: 22px;\">\n<li style=\"margin-bottom: 8px;\"> Standard furn\u00e9rmin\u0151s\u00e9gek<\/li>\n<li style=\"margin-bottom: 8px;\"> Alacsonyabb termel\u00e9si k\u00f6vetelm\u00e9nyek<\/li>\n<li style=\"margin-bottom: 8px;\"> \u00c1ltal\u00e1nos c\u00e9l\u00fa min\u0151s\u00e9g <\/li>\n<\/ul>\n<p style=\"font-family: Arial, sans-serif; font-size: 16px; margin: 0 0 12px 0; line-height: 1.7;\"> <a href=\"https:\/\/baitwood.com\/hu\/termekkategoria\/retegelt-lemez\/butor-retegelt-lemez\/\">A b\u00fator r\u00e9tegelt lemez<\/a> \u00e1ra magasabb a k\u00f6vetkez\u0151k miatt: <\/p>\n<ul style=\"font-family: Arial, sans-serif; font-size: 16px; line-height: 1.8; margin: 0 0 24px 0; padding-left: 22px;\">\n<li style=\"margin-bottom: 8px;\"> Jobb furn\u00e9rv\u00e1laszt\u00e1s<\/li>\n<li style=\"margin-bottom: 8px;\"> Kiv\u00e1l\u00f3 min\u0151s\u00e9g\u0171 mag<\/li>\n<li style=\"margin-bottom: 8px;\"> Tov\u00e1bbi csiszol\u00e1s<\/li>\n<li style=\"margin-bottom: 8px;\"> Jobb gy\u00e1rt\u00e1si \u00e1lland\u00f3s\u00e1g<\/li>\n<li style=\"margin-bottom: 8px;\"> Kiv\u00e1l\u00f3 megjelen\u00e9s <\/li>\n<\/ul>\n<p style=\"font-family: Arial, sans-serif; font-size: 16px; margin: 0 0 20px 0; line-height: 1.7;\"> B\u00e1r a b\u00fator r\u00e9tegelt lemez magasabb kezdeti \u00e1rral rendelkezik, tart\u00f3ss\u00e1g\u00e1nak \u00e9s kidolgoz\u00e1si min\u0151s\u00e9g\u00e9nek k\u00f6sz\u00f6nhet\u0151en gyakran jobb hossz\u00fa t\u00e1v\u00fa \u00e9rt\u00e9ket k\u00e9pvisel. <\/p>\n<hr style=\"border: 0; height: 1px; background-color: #eee; margin: 40px 0;\" \/>\n<h2 style=\"font-family: Arial, sans-serif; font-size: 22px; font-weight: 600; color: #222; margin: 40px 0 16px 0;\"> Melyiket v\u00e1lassza? <\/h2>\n<p><img decoding=\"async\" class=\"size-full wp-image-26175 aligncenter\" src=\"https:\/\/files.baitcdn.com\/baitwood\/wp-content\/uploads\/2026\/07\/commercial-vs-furniture-plywood-selection.webp\" alt=\"Kereskedelmi r\u00e9tegelt lemez vagy b\u00fatoripari r\u00e9tegelt lemez kiv\u00e1laszt\u00e1si \u00fatmutat\u00f3 \u00e9p\u00edt\u0151iparhoz \u00e9s b\u00fatorgy\u00e1rt\u00e1shoz.\" width=\"1200\" height=\"500\" srcset=\"https:\/\/files.baitcdn.com\/baitwood\/wp-content\/uploads\/2026\/07\/commercial-vs-furniture-plywood-selection.webp 1200w, https:\/\/files.baitcdn.com\/baitwood\/wp-content\/uploads\/2026\/07\/commercial-vs-furniture-plywood-selection-300x125.webp 300w, https:\/\/files.baitcdn.com\/baitwood\/wp-content\/uploads\/2026\/07\/commercial-vs-furniture-plywood-selection-1024x427.webp 1024w, https:\/\/files.baitcdn.com\/baitwood\/wp-content\/uploads\/2026\/07\/commercial-vs-furniture-plywood-selection-768x320.webp 768w, https:\/\/files.baitcdn.com\/baitwood\/wp-content\/uploads\/2026\/07\/commercial-vs-furniture-plywood-selection-600x250.webp 600w\" sizes=\"(max-width: 1200px) 100vw, 1200px\" \/><\/p>\n<p style=\"font-family: Arial, sans-serif; font-size: 16px; margin: 0 0 20px 0; line-height: 1.7;\"> A v\u00e1laszt\u00e1s a tervezett alkalmaz\u00e1st\u00f3l f\u00fcgg. <\/p>\n<p style=\"font-family: Arial, sans-serif; font-size: 16px; margin: 0 0 12px 0; line-height: 1.7;\"> V\u00e1lasszon <strong>kereskedelmi r\u00e9tegelt lemezt<\/strong> , ha sz\u00fcks\u00e9ge van: <\/p>\n<ul style=\"font-family: Arial, sans-serif; font-size: 16px; line-height: 1.8; margin: 0 0 24px 0; padding-left: 22px;\">\n<li style=\"margin-bottom: 8px;\"> K\u00f6lts\u00e9gk\u00edm\u00e9l\u0151 panelek<\/li>\n<li style=\"margin-bottom: 8px;\"> Bels\u0151\u00e9p\u00edt\u00e9szet<\/li>\n<li style=\"margin-bottom: 8px;\"> V\u00e1laszfalak<\/li>\n<li style=\"margin-bottom: 8px;\"> Csomagol\u00e1s<\/li>\n<li style=\"margin-bottom: 8px;\"> Rejtett szerkezeti elemek <\/li>\n<\/ul>\n<p style=\"font-family: Arial, sans-serif; font-size: 16px; margin: 0 0 12px 0; line-height: 1.7;\"> V\u00e1lasszon <strong>b\u00fatorlemezt,<\/strong> ha sz\u00fcks\u00e9ge van r\u00e1: <\/p>\n<ul style=\"font-family: Arial, sans-serif; font-size: 16px; line-height: 1.8; margin: 0 0 24px 0; padding-left: 22px;\">\n<li style=\"margin-bottom: 8px;\"> Pr\u00e9mium b\u00fatorok<\/li>\n<li style=\"margin-bottom: 8px;\"> Dekorat\u00edv szekr\u00e9nyek<\/li>\n<li style=\"margin-bottom: 8px;\"> Kiv\u00e1l\u00f3 min\u0151s\u00e9g\u0171 kidolgoz\u00e1s<\/li>\n<li style=\"margin-bottom: 8px;\"> Jobb er\u0151<\/li>\n<li style=\"margin-bottom: 8px;\"> Hosszabb \u00e9lettartam <\/li>\n<\/ul>\n<hr style=\"border: 0; height: 1px; background-color: #eee; margin: 40px 0;\" \/>\n<h2 style=\"font-family: Arial, sans-serif; font-size: 22px; font-weight: 600; color: #222; margin: 40px 0 16px 0;\"> Mi\u00e9rt v\u00e1lassza a BAITWOOD-ot? <\/h2>\n<p style=\"font-family: Arial, sans-serif; font-size: 16px; margin: 0 0 20px 0; line-height: 1.7;\"> <a href=\"https:\/\/baitwood.com\/contact\/\"><strong>A BAITWOOD-<\/strong><\/a> n\u00e1l kereskedelmi r\u00e9tegelt lemezt \u00e9s b\u00fatoripari r\u00e9tegelt lemezt is sz\u00e1ll\u00edtunk glob\u00e1lis nagykeresked\u0151k, b\u00fatorgy\u00e1rt\u00f3k, \u00e9p\u00edt\u0151ipari v\u00e1llalatok \u00e9s import\u0151r\u00f6k sz\u00e1m\u00e1ra. <\/p>\n<p style=\"font-family: Arial, sans-serif; font-size: 16px; margin: 0 0 12px 0; line-height: 1.7;\"> El\u0151nyeink k\u00f6z\u00e9 tartozik: <\/p>\n<ul style=\"font-family: Arial, sans-serif; font-size: 16px; line-height: 1.8; margin: 0 0 24px 0; padding-left: 22px;\">\n<li style=\"margin-bottom: 8px;\"> Szigor\u00fa min\u0151s\u00e9gellen\u0151rz\u00e9s<\/li>\n<li style=\"margin-bottom: 8px;\"> Stabil alapanyag-beszerz\u00e9s<\/li>\n<li style=\"margin-bottom: 8px;\"> T\u00f6bb mag opci\u00f3<\/li>\n<li style=\"margin-bottom: 8px;\"> E0, E1 \u00e9s CARB szabv\u00e1nyoknak megfelel\u0151 term\u00e9kek<\/li>\n<li style=\"margin-bottom: 8px;\"> Egyedi m\u00e9retek \u00e9s vastags\u00e1gok<\/li>\n<li style=\"margin-bottom: 8px;\"> OEM \u00e9s saj\u00e1tm\u00e1rk\u00e1s szolg\u00e1ltat\u00e1sok<\/li>\n<li style=\"margin-bottom: 8px;\"> Professzion\u00e1lis exportcsomagol\u00e1s<\/li>\n<li style=\"margin-bottom: 8px;\"> Vil\u00e1gszerte sz\u00e1ll\u00edt\u00e1si t\u00e1mogat\u00e1s <\/li>\n<\/ul>\n<p style=\"font-family: Arial, sans-serif; font-size: 16px; margin: 0 0 20px 0; line-height: 1.7;\"> Ak\u00e1r gazdas\u00e1gos kereskedelmi r\u00e9tegelt lemezre, ak\u00e1r pr\u00e9mium b\u00fatoripari r\u00e9tegelt lemezre van sz\u00fcks\u00e9ge, csapatunk a projekt \u00e9s a piaci ig\u00e9nyek alapj\u00e1n tudja aj\u00e1nlani a megfelel\u0151 megold\u00e1st. <\/p>\n<hr style=\"border: 0; height: 1px; background-color: #eee; margin: 40px 0;\" \/>\n<h2 style=\"font-family: Arial, sans-serif; font-size: 22px; font-weight: 600; color: #222; margin: 40px 0 16px 0;\"> Gyakran ism\u00e9telt k\u00e9rd\u00e9sek<\/h2>\n<div style=\"margin-bottom: 16px; font-size: 16px;\"> <strong>Er\u0151sebb a b\u00fator r\u00e9tegelt lemez, mint a kereskedelmi r\u00e9tegelt lemez?<\/strong><\/p>\n<p style=\"font-family: Arial, sans-serif; font-size: 16px; margin: 8px 0 20px 0; line-height: 1.7;\">Igen. A b\u00fator r\u00e9tegelt lemez \u00e1ltal\u00e1ban jobb magszerkezettel, kevesebb \u00fcreggel \u00e9s er\u0151sebb k\u00f6t\u00e9ssel rendelkezik, \u00edgy tart\u00f3sabb \u00e9s nagyobb terheket is elb\u00edr.<\/p>\n<\/div>\n<div style=\"margin-bottom: 16px; font-size: 16px;\"> <strong>Haszn\u00e1lhat\u00f3-e kereskedelmi r\u00e9tegelt lemez b\u00fatorokhoz?<\/strong><\/p>\n<p style=\"font-family: Arial, sans-serif; font-size: 16px; margin: 8px 0 20px 0; line-height: 1.7;\">Igen, de legink\u00e1bb az alapvet\u0151 vagy olcs\u00f3 b\u00fatorokhoz alkalmas, ahol a megjelen\u00e9s \u00e9s a hossz\u00fa t\u00e1v\u00fa tart\u00f3ss\u00e1g kev\u00e9sb\u00e9 fontos. Pr\u00e9mium b\u00fatorokhoz a r\u00e9tegelt lemez a jobb v\u00e1laszt\u00e1s.<\/p>\n<\/div>\n<div style=\"margin-bottom: 16px; font-size: 16px;\"> <strong>Melyik r\u00e9tegelt lemeznek jobb a fel\u00fcletkezel\u00e9se?<\/strong><\/p>\n<p style=\"font-family: Arial, sans-serif; font-size: 16px; margin: 8px 0 20px 0; line-height: 1.7;\">A b\u00fator r\u00e9tegelt lemez sim\u00e1bb, egyenletesebb fel\u00fcletet k\u00edn\u00e1l, \u00edgy ide\u00e1lis fest\u00e9shez, furn\u00e9roz\u00e1shoz, lamin\u00e1l\u00e1shoz vagy melamin fel\u00fcletkezel\u00e9shez.<\/p>\n<\/div>\n<div style=\"margin-bottom: 16px; font-size: 16px;\"> <strong>V\u00edz\u00e1ll\u00f3 a b\u00fator r\u00e9tegelt lemez?<\/strong><\/p>\n<p style=\"font-family: Arial, sans-serif; font-size: 16px; margin: 8px 0 20px 0; line-height: 1.7;\">Nem minden b\u00fator r\u00e9tegelt lemez v\u00edz\u00e1ll\u00f3. A standard b\u00fator r\u00e9tegelt lemez \u00e1ltal\u00e1ban MR ragaszt\u00f3t haszn\u00e1l, m\u00edg a nedvess\u00e9g\u00e1ll\u00f3 vagy k\u00fclt\u00e9ri haszn\u00e1latra sz\u00e1nt b\u00fator r\u00e9tegelt lemez WBP ragaszt\u00f3val is gy\u00e1rthat\u00f3 a jobb v\u00edz\u00e1ll\u00f3s\u00e1g \u00e9rdek\u00e9ben.<\/p>\n<\/div>\n<div style=\"margin-bottom: 16px; font-size: 16px;\"> <strong>Melyik r\u00e9tegelt lemez k\u00f6lts\u00e9ghat\u00e9konyabb?<\/strong><\/p>\n<p style=\"font-family: Arial, sans-serif; font-size: 16px; margin: 8px 0 20px 0; line-height: 1.7;\">Az ipari r\u00e9tegelt lemez alacsonyabb v\u00e9tel\u00e1rral rendelkezik, \u00edgy alkalmas \u00e1ltal\u00e1nos bels\u0151\u00e9p\u00edt\u00e9szeti munk\u00e1khoz. A b\u00fator r\u00e9tegelt lemez dr\u00e1g\u00e1bb, de jobb megjelen\u00e9st, szil\u00e1rds\u00e1got \u00e9s tart\u00f3ss\u00e1got biztos\u00edt, \u00edgy nagyobb \u00e9rt\u00e9ket k\u00e9pvisel a hossz\u00fa t\u00e1v\u00fa b\u00fatoripari alkalmaz\u00e1sokhoz. <\/p>\n<\/div>\n<hr style=\"border: 0; height: 1px; background-color: #eee; margin: 40px 0;\" \/>\n<h2 style=\"font-family: Arial, sans-serif; font-size: 22px; font-weight: 600; color: #222; margin: 40px 0 16px 0;\"> Z\u00e1r\u00f3 gondolatok <\/h2>\n<p style=\"font-family: Arial, sans-serif; font-size: 16px; margin: 0 0 20px 0; line-height: 1.7;\"> Mind <a href=\"https:\/\/baitwood.com\/hu\/termekkategoria\/retegelt-lemez\/kereskedelmi-retegelt-lemez\/\">az ipari r\u00e9tegelt lemez<\/a> , mind <a href=\"https:\/\/baitwood.com\/hu\/termekkategoria\/retegelt-lemez\/butor-retegelt-lemez\/\">a b\u00fatoripari r\u00e9tegelt lemez<\/a> \u00e9rt\u00e9kes anyag, de elt\u00e9r\u0151 c\u00e9lokat szolg\u00e1lnak. Az ipari r\u00e9tegelt lemez gazdas\u00e1gos v\u00e1laszt\u00e1s bels\u0151\u00e9p\u00edt\u00e9szethez \u00e9s \u00e1ltal\u00e1nos asztalosmunk\u00e1hoz, m\u00edg a b\u00fatoripari r\u00e9tegelt lemezt \u00fagy tervezt\u00e9k, hogy kiv\u00e1l\u00f3 szil\u00e1rds\u00e1got, fel\u00fcleti min\u0151s\u00e9get \u00e9s tart\u00f3ss\u00e1got biztos\u00edtson a cs\u00facskateg\u00f3ri\u00e1s b\u00fatorgy\u00e1rt\u00e1shoz. <\/p>\n<p style=\"font-family: Arial, sans-serif; font-size: 16px; margin: 0 0 20px 0; line-height: 1.7;\"> A magmin\u0151s\u00e9g, a fel\u00fcletkezel\u00e9s, a nedvess\u00e9g\u00e1ll\u00f3s\u00e1g \u00e9s a tervezett felhaszn\u00e1l\u00e1s k\u00f6z\u00f6tti k\u00fcl\u00f6nbs\u00e9gek meg\u00e9rt\u00e9s\u00e9vel magabiztosan kiv\u00e1laszthatja a projektj\u00e9hez legink\u00e1bb ill\u0151 r\u00e9tegelt lemezt. Ha megb\u00edzhat\u00f3 besz\u00e1ll\u00edt\u00f3t keres, <a href=\"https:\/\/baitwood.com\/contact\/\"><strong>a BAITWOOD<\/strong><\/a> r\u00e9tegelt lemez megold\u00e1sok sz\u00e9les v\u00e1laszt\u00e9k\u00e1t k\u00edn\u00e1lja, \u00e1lland\u00f3 min\u0151s\u00e9ggel, testreszabhat\u00f3 specifik\u00e1ci\u00f3kkal \u00e9s megb\u00edzhat\u00f3 exportszolg\u00e1ltat\u00e1sokkal vil\u00e1gszerte \u00fcgyfelei sz\u00e1m\u00e1ra.<\/p>\n<\/div>\n","protected":false},"featured_media":26188,"template":"","class_list":["post-26225","latest-news","type-latest-news","status-publish","has-post-thumbnail","hentry"],"yoast_head":"<!-- This site is optimized with the Yoast SEO Premium plugin v27.3 (Yoast SEO v27.3) - https:\/\/yoast.com\/product\/yoast-seo-premium-wordpress\/ -->\n<title>Kereskedelmi r\u00e9tegelt lemez vs. b\u00fator r\u00e9tegelt lemez | BAITWOOD - Linyi Bait Wood Industry Co. Ltd<\/title>\n<meta name=\"description\" content=\"Hasonl\u00edtsa \u00f6ssze az ipari r\u00e9tegelt lemezt \u00e9s a b\u00fatoripari r\u00e9tegelt lemezt, hogy kiv\u00e1lassza a megfelel\u0151 panelt \u00e9p\u00edt\u00e9si vagy b\u00fatoripari projektj\u00e9hez.\" \/>\n<meta name=\"robots\" content=\"index, follow, max-snippet:-1, max-image-preview:large, max-video-preview:-1\" \/>\n<link rel=\"canonical\" href=\"https:\/\/baitwood.com\/hu\/blogs\/kereskedelmi-retegelt-lemez-vs-butor-retegelt-lemez-teljes-koru-osszehasonlitas\/\" \/>\n<meta property=\"og:locale\" content=\"hu_HU\" \/>\n<meta property=\"og:type\" content=\"article\" \/>\n<meta property=\"og:title\" content=\"Kereskedelmi r\u00e9tegelt lemez vs. b\u00fator r\u00e9tegelt lemez: Teljes k\u00f6r\u0171 \u00f6sszehasonl\u00edt\u00e1s\" \/>\n<meta property=\"og:description\" content=\"Hasonl\u00edtsa \u00f6ssze az ipari r\u00e9tegelt lemezt \u00e9s a b\u00fatoripari r\u00e9tegelt lemezt, hogy kiv\u00e1lassza a megfelel\u0151 panelt \u00e9p\u00edt\u00e9si vagy b\u00fatoripari projektj\u00e9hez.\" \/>\n<meta property=\"og:url\" content=\"https:\/\/baitwood.com\/hu\/blogs\/kereskedelmi-retegelt-lemez-vs-butor-retegelt-lemez-teljes-koru-osszehasonlitas\/\" \/>\n<meta property=\"og:site_name\" content=\"Linyi Bait Wood Industry Co. Ltd\" \/>\n<meta property=\"article:modified_time\" content=\"2026-07-09T09:46:30+00:00\" \/>\n<meta property=\"og:image\" content=\"https:\/\/files.baitcdn.com\/baitwood\/wp-content\/uploads\/2026\/07\/commercial-vs-furniture-plywood.webp\" \/>\n\t<meta property=\"og:image:width\" content=\"1200\" \/>\n\t<meta property=\"og:image:height\" content=\"500\" \/>\n\t<meta property=\"og:image:type\" content=\"image\/webp\" \/>\n<meta name=\"twitter:card\" content=\"summary_large_image\" \/>\n<meta name=\"twitter:label1\" content=\"Becs\u00fclt olvas\u00e1si id\u0151\" \/>\n\t<meta name=\"twitter:data1\" content=\"9 perc\" \/>\n<script type=\"application\/ld+json\" class=\"yoast-schema-graph\">{\"@context\":\"https:\\\/\\\/schema.org\",\"@graph\":[{\"@type\":\"WebPage\",\"@id\":\"https:\\\/\\\/baitwood.com\\\/hu\\\/blogs\\\/kereskedelmi-retegelt-lemez-vs-butor-retegelt-lemez-teljes-koru-osszehasonlitas\\\/\",\"url\":\"https:\\\/\\\/baitwood.com\\\/hu\\\/blogs\\\/kereskedelmi-retegelt-lemez-vs-butor-retegelt-lemez-teljes-koru-osszehasonlitas\\\/\",\"name\":\"Kereskedelmi r\u00e9tegelt lemez vs. b\u00fator r\u00e9tegelt lemez | BAITWOOD - Linyi Bait Wood Industry Co. Ltd\",\"isPartOf\":{\"@id\":\"https:\\\/\\\/baitwood.com\\\/hu\\\/#website\"},\"primaryImageOfPage\":{\"@id\":\"https:\\\/\\\/baitwood.com\\\/hu\\\/blogs\\\/kereskedelmi-retegelt-lemez-vs-butor-retegelt-lemez-teljes-koru-osszehasonlitas\\\/#primaryimage\"},\"image\":{\"@id\":\"https:\\\/\\\/baitwood.com\\\/hu\\\/blogs\\\/kereskedelmi-retegelt-lemez-vs-butor-retegelt-lemez-teljes-koru-osszehasonlitas\\\/#primaryimage\"},\"thumbnailUrl\":\"https:\\\/\\\/files.baitcdn.com\\\/baitwood\\\/wp-content\\\/uploads\\\/2026\\\/07\\\/commercial-vs-furniture-plywood.webp\",\"datePublished\":\"2026-07-09T09:46:24+00:00\",\"dateModified\":\"2026-07-09T09:46:30+00:00\",\"description\":\"Hasonl\u00edtsa \u00f6ssze az ipari r\u00e9tegelt lemezt \u00e9s a b\u00fatoripari r\u00e9tegelt lemezt, hogy kiv\u00e1lassza a megfelel\u0151 panelt \u00e9p\u00edt\u00e9si vagy b\u00fatoripari projektj\u00e9hez.\",\"breadcrumb\":{\"@id\":\"https:\\\/\\\/baitwood.com\\\/hu\\\/blogs\\\/kereskedelmi-retegelt-lemez-vs-butor-retegelt-lemez-teljes-koru-osszehasonlitas\\\/#breadcrumb\"},\"inLanguage\":\"hu\",\"potentialAction\":[{\"@type\":\"ReadAction\",\"target\":[\"https:\\\/\\\/baitwood.com\\\/hu\\\/blogs\\\/kereskedelmi-retegelt-lemez-vs-butor-retegelt-lemez-teljes-koru-osszehasonlitas\\\/\"]}]},{\"@type\":\"ImageObject\",\"inLanguage\":\"hu\",\"@id\":\"https:\\\/\\\/baitwood.com\\\/hu\\\/blogs\\\/kereskedelmi-retegelt-lemez-vs-butor-retegelt-lemez-teljes-koru-osszehasonlitas\\\/#primaryimage\",\"url\":\"https:\\\/\\\/files.baitcdn.com\\\/baitwood\\\/wp-content\\\/uploads\\\/2026\\\/07\\\/commercial-vs-furniture-plywood.webp\",\"contentUrl\":\"https:\\\/\\\/files.baitcdn.com\\\/baitwood\\\/wp-content\\\/uploads\\\/2026\\\/07\\\/commercial-vs-furniture-plywood.webp\",\"width\":1200,\"height\":500,\"caption\":\"Kereskedelmi r\u00e9tegelt lemez \u00e9s b\u00fatoripari r\u00e9tegelt lemez \u00f6sszehasonl\u00edt\u00e1sa, amely a konstrukci\u00f3, a fel\u00fcleti min\u0151s\u00e9g \u00e9s az alkalmaz\u00e1sok k\u00f6z\u00f6tti k\u00fcl\u00f6nbs\u00e9geket mutatja.\"},{\"@type\":\"BreadcrumbList\",\"@id\":\"https:\\\/\\\/baitwood.com\\\/hu\\\/blogs\\\/kereskedelmi-retegelt-lemez-vs-butor-retegelt-lemez-teljes-koru-osszehasonlitas\\\/#breadcrumb\",\"itemListElement\":[{\"@type\":\"ListItem\",\"position\":1,\"name\":\"Home\",\"item\":\"https:\\\/\\\/baitwood.com\\\/hu\\\/kezdolap\\\/\"},{\"@type\":\"ListItem\",\"position\":2,\"name\":\"Kereskedelmi r\u00e9tegelt lemez vs. b\u00fator r\u00e9tegelt lemez: Teljes k\u00f6r\u0171 \u00f6sszehasonl\u00edt\u00e1s\"}]},{\"@type\":\"WebSite\",\"@id\":\"https:\\\/\\\/baitwood.com\\\/hu\\\/#website\",\"url\":\"https:\\\/\\\/baitwood.com\\\/hu\\\/\",\"name\":\"baitwood\",\"description\":\"Linyi Bait Wood Industry Co. Ltd\",\"publisher\":{\"@id\":\"https:\\\/\\\/baitwood.com\\\/hu\\\/#organization\"},\"potentialAction\":[{\"@type\":\"SearchAction\",\"target\":{\"@type\":\"EntryPoint\",\"urlTemplate\":\"https:\\\/\\\/baitwood.com\\\/hu\\\/?s={search_term_string}\"},\"query-input\":{\"@type\":\"PropertyValueSpecification\",\"valueRequired\":true,\"valueName\":\"search_term_string\"}}],\"inLanguage\":\"hu\"},{\"@type\":[\"Organization\",\"Place\"],\"@id\":\"https:\\\/\\\/baitwood.com\\\/hu\\\/#organization\",\"name\":\"baitwood\",\"url\":\"https:\\\/\\\/baitwood.com\\\/hu\\\/\",\"logo\":{\"@id\":\"https:\\\/\\\/baitwood.com\\\/hu\\\/blogs\\\/kereskedelmi-retegelt-lemez-vs-butor-retegelt-lemez-teljes-koru-osszehasonlitas\\\/#local-main-organization-logo\"},\"image\":{\"@id\":\"https:\\\/\\\/baitwood.com\\\/hu\\\/blogs\\\/kereskedelmi-retegelt-lemez-vs-butor-retegelt-lemez-teljes-koru-osszehasonlitas\\\/#local-main-organization-logo\"},\"telephone\":[],\"openingHoursSpecification\":[{\"@type\":\"OpeningHoursSpecification\",\"dayOfWeek\":[\"Monday\",\"Tuesday\",\"Wednesday\",\"Thursday\",\"Friday\",\"Saturday\",\"Sunday\"],\"opens\":\"09:00\",\"closes\":\"17:00\"}]},{\"@type\":\"ImageObject\",\"inLanguage\":\"hu\",\"@id\":\"https:\\\/\\\/baitwood.com\\\/hu\\\/blogs\\\/kereskedelmi-retegelt-lemez-vs-butor-retegelt-lemez-teljes-koru-osszehasonlitas\\\/#local-main-organization-logo\",\"url\":\"https:\\\/\\\/files.baitcdn.com\\\/baitwood\\\/wp-content\\\/uploads\\\/2026\\\/01\\\/web-logo.webp\",\"contentUrl\":\"https:\\\/\\\/files.baitcdn.com\\\/baitwood\\\/wp-content\\\/uploads\\\/2026\\\/01\\\/web-logo.webp\",\"width\":712,\"height\":144,\"caption\":\"baitwood\"}]}<\/script>\n<!-- \/ Yoast SEO Premium plugin. -->","yoast_head_json":{"title":"Kereskedelmi r\u00e9tegelt lemez vs. b\u00fator r\u00e9tegelt lemez | BAITWOOD - Linyi Bait Wood Industry Co. Ltd","description":"Hasonl\u00edtsa \u00f6ssze az ipari r\u00e9tegelt lemezt \u00e9s a b\u00fatoripari r\u00e9tegelt lemezt, hogy kiv\u00e1lassza a megfelel\u0151 panelt \u00e9p\u00edt\u00e9si vagy b\u00fatoripari projektj\u00e9hez.","robots":{"index":"index","follow":"follow","max-snippet":"max-snippet:-1","max-image-preview":"max-image-preview:large","max-video-preview":"max-video-preview:-1"},"canonical":"https:\/\/baitwood.com\/hu\/blogs\/kereskedelmi-retegelt-lemez-vs-butor-retegelt-lemez-teljes-koru-osszehasonlitas\/","og_locale":"hu_HU","og_type":"article","og_title":"Kereskedelmi r\u00e9tegelt lemez vs. b\u00fator r\u00e9tegelt lemez: Teljes k\u00f6r\u0171 \u00f6sszehasonl\u00edt\u00e1s","og_description":"Hasonl\u00edtsa \u00f6ssze az ipari r\u00e9tegelt lemezt \u00e9s a b\u00fatoripari r\u00e9tegelt lemezt, hogy kiv\u00e1lassza a megfelel\u0151 panelt \u00e9p\u00edt\u00e9si vagy b\u00fatoripari projektj\u00e9hez.","og_url":"https:\/\/baitwood.com\/hu\/blogs\/kereskedelmi-retegelt-lemez-vs-butor-retegelt-lemez-teljes-koru-osszehasonlitas\/","og_site_name":"Linyi Bait Wood Industry Co. Ltd","article_modified_time":"2026-07-09T09:46:30+00:00","og_image":[{"width":1200,"height":500,"url":"https:\/\/files.baitcdn.com\/baitwood\/wp-content\/uploads\/2026\/07\/commercial-vs-furniture-plywood.webp","type":"image\/webp"}],"twitter_card":"summary_large_image","twitter_misc":{"Becs\u00fclt olvas\u00e1si id\u0151":"9 perc"},"schema":{"@context":"https:\/\/schema.org","@graph":[{"@type":"WebPage","@id":"https:\/\/baitwood.com\/hu\/blogs\/kereskedelmi-retegelt-lemez-vs-butor-retegelt-lemez-teljes-koru-osszehasonlitas\/","url":"https:\/\/baitwood.com\/hu\/blogs\/kereskedelmi-retegelt-lemez-vs-butor-retegelt-lemez-teljes-koru-osszehasonlitas\/","name":"Kereskedelmi r\u00e9tegelt lemez vs. b\u00fator r\u00e9tegelt lemez | BAITWOOD - Linyi Bait Wood Industry Co. Ltd","isPartOf":{"@id":"https:\/\/baitwood.com\/hu\/#website"},"primaryImageOfPage":{"@id":"https:\/\/baitwood.com\/hu\/blogs\/kereskedelmi-retegelt-lemez-vs-butor-retegelt-lemez-teljes-koru-osszehasonlitas\/#primaryimage"},"image":{"@id":"https:\/\/baitwood.com\/hu\/blogs\/kereskedelmi-retegelt-lemez-vs-butor-retegelt-lemez-teljes-koru-osszehasonlitas\/#primaryimage"},"thumbnailUrl":"https:\/\/files.baitcdn.com\/baitwood\/wp-content\/uploads\/2026\/07\/commercial-vs-furniture-plywood.webp","datePublished":"2026-07-09T09:46:24+00:00","dateModified":"2026-07-09T09:46:30+00:00","description":"Hasonl\u00edtsa \u00f6ssze az ipari r\u00e9tegelt lemezt \u00e9s a b\u00fatoripari r\u00e9tegelt lemezt, hogy kiv\u00e1lassza a megfelel\u0151 panelt \u00e9p\u00edt\u00e9si vagy b\u00fatoripari projektj\u00e9hez.","breadcrumb":{"@id":"https:\/\/baitwood.com\/hu\/blogs\/kereskedelmi-retegelt-lemez-vs-butor-retegelt-lemez-teljes-koru-osszehasonlitas\/#breadcrumb"},"inLanguage":"hu","potentialAction":[{"@type":"ReadAction","target":["https:\/\/baitwood.com\/hu\/blogs\/kereskedelmi-retegelt-lemez-vs-butor-retegelt-lemez-teljes-koru-osszehasonlitas\/"]}]},{"@type":"ImageObject","inLanguage":"hu","@id":"https:\/\/baitwood.com\/hu\/blogs\/kereskedelmi-retegelt-lemez-vs-butor-retegelt-lemez-teljes-koru-osszehasonlitas\/#primaryimage","url":"https:\/\/files.baitcdn.com\/baitwood\/wp-content\/uploads\/2026\/07\/commercial-vs-furniture-plywood.webp","contentUrl":"https:\/\/files.baitcdn.com\/baitwood\/wp-content\/uploads\/2026\/07\/commercial-vs-furniture-plywood.webp","width":1200,"height":500,"caption":"Kereskedelmi r\u00e9tegelt lemez \u00e9s b\u00fatoripari r\u00e9tegelt lemez \u00f6sszehasonl\u00edt\u00e1sa, amely a konstrukci\u00f3, a fel\u00fcleti min\u0151s\u00e9g \u00e9s az alkalmaz\u00e1sok k\u00f6z\u00f6tti k\u00fcl\u00f6nbs\u00e9geket mutatja."},{"@type":"BreadcrumbList","@id":"https:\/\/baitwood.com\/hu\/blogs\/kereskedelmi-retegelt-lemez-vs-butor-retegelt-lemez-teljes-koru-osszehasonlitas\/#breadcrumb","itemListElement":[{"@type":"ListItem","position":1,"name":"Home","item":"https:\/\/baitwood.com\/hu\/kezdolap\/"},{"@type":"ListItem","position":2,"name":"Kereskedelmi r\u00e9tegelt lemez vs. b\u00fator r\u00e9tegelt lemez: Teljes k\u00f6r\u0171 \u00f6sszehasonl\u00edt\u00e1s"}]},{"@type":"WebSite","@id":"https:\/\/baitwood.com\/hu\/#website","url":"https:\/\/baitwood.com\/hu\/","name":"baitwood","description":"Linyi Bait Wood Industry Co. Ltd","publisher":{"@id":"https:\/\/baitwood.com\/hu\/#organization"},"potentialAction":[{"@type":"SearchAction","target":{"@type":"EntryPoint","urlTemplate":"https:\/\/baitwood.com\/hu\/?s={search_term_string}"},"query-input":{"@type":"PropertyValueSpecification","valueRequired":true,"valueName":"search_term_string"}}],"inLanguage":"hu"},{"@type":["Organization","Place"],"@id":"https:\/\/baitwood.com\/hu\/#organization","name":"baitwood","url":"https:\/\/baitwood.com\/hu\/","logo":{"@id":"https:\/\/baitwood.com\/hu\/blogs\/kereskedelmi-retegelt-lemez-vs-butor-retegelt-lemez-teljes-koru-osszehasonlitas\/#local-main-organization-logo"},"image":{"@id":"https:\/\/baitwood.com\/hu\/blogs\/kereskedelmi-retegelt-lemez-vs-butor-retegelt-lemez-teljes-koru-osszehasonlitas\/#local-main-organization-logo"},"telephone":[],"openingHoursSpecification":[{"@type":"OpeningHoursSpecification","dayOfWeek":["Monday","Tuesday","Wednesday","Thursday","Friday","Saturday","Sunday"],"opens":"09:00","closes":"17:00"}]},{"@type":"ImageObject","inLanguage":"hu","@id":"https:\/\/baitwood.com\/hu\/blogs\/kereskedelmi-retegelt-lemez-vs-butor-retegelt-lemez-teljes-koru-osszehasonlitas\/#local-main-organization-logo","url":"https:\/\/files.baitcdn.com\/baitwood\/wp-content\/uploads\/2026\/01\/web-logo.webp","contentUrl":"https:\/\/files.baitcdn.com\/baitwood\/wp-content\/uploads\/2026\/01\/web-logo.webp","width":712,"height":144,"caption":"baitwood"}]}},"_links":{"self":[{"href":"https:\/\/baitwood.com\/hu\/wp-json\/wp\/v2\/latest-news\/26225","targetHints":{"allow":["GET"]}}],"collection":[{"href":"https:\/\/baitwood.com\/hu\/wp-json\/wp\/v2\/latest-news"}],"about":[{"href":"https:\/\/baitwood.com\/hu\/wp-json\/wp\/v2\/types\/latest-news"}],"wp:featuredmedia":[{"embeddable":true,"href":"https:\/\/baitwood.com\/hu\/wp-json\/wp\/v2\/media\/26188"}],"wp:attachment":[{"href":"https:\/\/baitwood.com\/hu\/wp-json\/wp\/v2\/media?parent=26225"}],"curies":[{"name":"wp","href":"https:\/\/api.w.org\/{rel}","templated":true}]}}